{"id":64470,"date":"2020-02-06T20:47:19","date_gmt":"2020-02-07T01:47:19","guid":{"rendered":"http:\/\/elinformanteperu.com\/?p=64470"},"modified":"2020-02-06T20:47:19","modified_gmt":"2020-02-07T01:47:19","slug":"pablo-alboran-envia-saludos-a-sus-fans-peruanos","status":"publish","type":"post","link":"https:\/\/elinformanteperu.com\/index.php\/2020\/02\/06\/pablo-alboran-envia-saludos-a-sus-fans-peruanos\/","title":{"rendered":"Pablo Albor\u00e1n env\u00eda saludos a sus fans peruanos"},"content":{"rendered":"<p><strong><span style=\"color: #000000;\">El astro espa\u00f1ol Pablo Albor\u00e1n no dud\u00f3 en enviar un c\u00e1lido saludo a sus seguidores peruanos, a trav\u00e9s de un video en donde confirma que arribar\u00e1 a nuestro pa\u00eds.<\/span><\/strong><\/p>\n<p><span style=\"color: #000000;\"><strong>Lima, 06 Febrero 2020, (ANDINA).-<\/strong> El astro espa\u00f1ol Pablo Albor\u00e1n no dud\u00f3 en enviar un c\u00e1lido saludo a sus seguidores peruanos, a trav\u00e9s de un video en donde confirma que arribar\u00e1 a nuestro pa\u00eds para ofrecer un \u00fanico concierto con sus \u00e9xitos.<\/span><\/p>\n<p><span style=\"color: #000000;\">As\u00ed en el video, Albor\u00e1n se expresa as\u00ed: \u201cHola familia de Per\u00fa soy Pablo Albor\u00e1n y nos vemos el 22 de febrero en Lima, no puedes faltar en el Plaza Arena, besitos fuertes, los espero\u201d.<\/span><\/p>\n<p><span style=\"color: #000000;\">Al d\u00eda de hoy el artista ha recibido 14 nominaciones al Latin Grammy, una al Grammy americano, un Premio Goya y numerosos premios en Latinoam\u00e9rica y Europa.<\/span><\/p>\n<p><span style=\"color: #000000;\">Las entradas est\u00e1n a la venta en los m\u00f3dulos de Teleticket de Wong y Metro a nivel nacional o v\u00eda web.<\/span><\/p>\n<p><span style=\"color: #000000;\">Luego de su presentaci\u00f3n en Lima, el artista ser\u00e1 figura invitada en el Festival de Vi\u00f1a del Mar. Chile es una plaza que, a decir del artista, le abri\u00f3 el camino en el mercado de Latinoam\u00e9rica.<\/span><\/p>\n<p><iframe title=\"\u00a1Saludo de Pablo Albor\u00e1n para su \u00fanico show en Lima este 22 de febrero en Plaza Arena!\" width=\"615\" height=\"346\" src=\"https:\/\/www.youtube.com\/embed\/_MV7FPwcaR8?feature=oembed\" frameborder=\"0\" allow=\"accelerometer; autoplay; clipboard-write; encrypted-media; gyroscope; picture-in-picture; web-share\" referrerpolicy=\"strict-origin-when-cross-origin\" allowfullscreen><\/iframe><\/p>\n","protected":false},"excerpt":{"rendered":"<p>El astro espa\u00f1ol Pablo Albor\u00e1n no dud\u00f3 en enviar un c\u00e1lido saludo a sus seguidores peruanos, a trav\u00e9s de un video en donde confirma que arribar\u00e1 a nuestro pa\u00eds. Lima, 06 Febrero 2020, (ANDINA).- El astro espa\u00f1ol Pablo Albor\u00e1n no dud\u00f3 en enviar un c\u00e1lido saludo a sus seguidores peruanos, a trav\u00e9s de un video [&hellip;]<\/p>\n","protected":false},"author":1,"featured_media":64471,"comment_status":"open","ping_status":"open","sticky":false,"template":"","format":"standard","meta":{"rop_custom_images_group":[],"rop_custom_messages_group":[],"rop_publish_now":"initial","rop_publish_now_accounts":[],"rop_publish_now_history":[],"rop_publish_now_status":"pending","footnotes":""},"categories":[69],"tags":[2102],"class_list":["post-64470","post","type-post","status-publish","format-standard","has-post-thumbnail","hentry","category-musica","tag-pablo-alboran"],"_links":{"self":[{"href":"https:\/\/elinformanteperu.com\/index.php\/wp-json\/wp\/v2\/posts\/64470","targetHints":{"allow":["GET"]}}],"collection":[{"href":"https:\/\/elinformanteperu.com\/index.php\/wp-json\/wp\/v2\/posts"}],"about":[{"href":"https:\/\/elinformanteperu.com\/index.php\/wp-json\/wp\/v2\/types\/post"}],"author":[{"embeddable":true,"href":"https:\/\/elinformanteperu.com\/index.php\/wp-json\/wp\/v2\/users\/1"}],"replies":[{"embeddable":true,"href":"https:\/\/elinformanteperu.com\/index.php\/wp-json\/wp\/v2\/comments?post=64470"}],"version-history":[{"count":1,"href":"https:\/\/elinformanteperu.com\/index.php\/wp-json\/wp\/v2\/posts\/64470\/revisions"}],"predecessor-version":[{"id":64472,"href":"https:\/\/elinformanteperu.com\/index.php\/wp-json\/wp\/v2\/posts\/64470\/revisions\/64472"}],"wp:featuredmedia":[{"embeddable":true,"href":"https:\/\/elinformanteperu.com\/index.php\/wp-json\/wp\/v2\/media\/64471"}],"wp:attachment":[{"href":"https:\/\/elinformanteperu.com\/index.php\/wp-json\/wp\/v2\/media?parent=64470"}],"wp:term":[{"taxonomy":"category","embeddable":true,"href":"https:\/\/elinformanteperu.com\/index.php\/wp-json\/wp\/v2\/categories?post=64470"},{"taxonomy":"post_tag","embeddable":true,"href":"https:\/\/elinformanteperu.com\/index.php\/wp-json\/wp\/v2\/tags?post=64470"}],"curies":[{"name":"wp","href":"https:\/\/api.w.org\/{rel}","templated":true}]}}