{"id":63981,"date":"2020-01-28T22:06:41","date_gmt":"2020-01-29T03:06:41","guid":{"rendered":"http:\/\/elinformanteperu.com\/?p=63981"},"modified":"2020-01-28T22:06:41","modified_gmt":"2020-01-29T03:06:41","slug":"percy-rojas-familia-descarta-rumor-sobre-supuesta-muerte-del-exjugador","status":"publish","type":"post","link":"https:\/\/elinformanteperu.com\/index.php\/2020\/01\/28\/percy-rojas-familia-descarta-rumor-sobre-supuesta-muerte-del-exjugador\/","title":{"rendered":"Percy Rojas: familia descarta rumor sobre supuesta muerte del exjugador"},"content":{"rendered":"<p><strong><span style=\"color: #000000;\">Tras las publicaciones en redes sociales sobre el supuesto fallecimiento de Percy \u00abTrucha\u00bb Rojas, la hija del exfutbolista peruano, Mar\u00eda Bel\u00e9n Rojas, descart\u00f3 ese rumor .<\/span><\/strong><\/p>\n<p><span style=\"color: #000000;\"><strong>Lima, 28 Enero 2020, (ANDINA).-<\/strong> Tras las publicaciones en redes sociales sobre el supuesto fallecimiento de Percy \u00abTrucha\u00bb Rojas, la hija del exfutbolista peruano, Mar\u00eda Bel\u00e9n Rojas, descart\u00f3 ese rumor y dijo que su padre se encuentra en cuidados intensivos en una cl\u00ednica local, a la espera de una evoluci\u00f3n favorable tras someterse a dos delicadas intervenciones quir\u00fargicas.<\/span><\/p>\n<p><span style=\"color: #000000;\">El exfutbolista peruano Percy Rojas sufri\u00f3 una reca\u00edda el martes de la semana pasada, a pocas horas de salir de una primera operaci\u00f3n.<\/span><\/p>\n<p><span style=\"color: #000000;\">Y desde entonces el excampe\u00f3n de la Copa Libertadores con Independiente de Avellaneda lucha por salir del estado \u00abde pron\u00f3stico reservado\u00bb en que se encuentra.<\/span><\/p>\n<p><span style=\"color: #000000;\">\u00abEstamos avanzando d\u00eda a d\u00eda, Percy sigue con pron\u00f3stico reservado, pero confiamos que con las buenas vibras y las oraciones de todos va a salir adelante y podr\u00e1 recuperarse\u00bb, dijo Mar\u00eda Bel\u00e9n Rojas.<\/span><\/p>\n<p><span style=\"color: #000000;\">Percy Rojas ha participado en dos Copas del Mundo, la de Argentina 1978 y la de Espa\u00f1a 1982. Adem\u00e1s, es ganador de la Copa Am\u00e9rica 1975 con la selecci\u00f3n peruana.<\/span><\/p>\n<p><img fetchpriority=\"high\" decoding=\"async\" class=\"aligncenter size-full wp-image-60593\" src=\"http:\/\/elinformanteperu.com\/wp-content\/uploads\/2019\/11\/percy-rojas-independiente.jpg\" alt=\"\" width=\"1800\" height=\"1480\" srcset=\"https:\/\/elinformanteperu.com\/wp-content\/uploads\/2019\/11\/percy-rojas-independiente.jpg 1800w, https:\/\/elinformanteperu.com\/wp-content\/uploads\/2019\/11\/percy-rojas-independiente-300x247.jpg 300w, https:\/\/elinformanteperu.com\/wp-content\/uploads\/2019\/11\/percy-rojas-independiente-1024x842.jpg 1024w, https:\/\/elinformanteperu.com\/wp-content\/uploads\/2019\/11\/percy-rojas-independiente-768x631.jpg 768w, https:\/\/elinformanteperu.com\/wp-content\/uploads\/2019\/11\/percy-rojas-independiente-1536x1263.jpg 1536w, https:\/\/elinformanteperu.com\/wp-content\/uploads\/2019\/11\/percy-rojas-independiente-128x105.jpg 128w, https:\/\/elinformanteperu.com\/wp-content\/uploads\/2019\/11\/percy-rojas-independiente-32x26.jpg 32w\" sizes=\"(max-width: 1800px) 100vw, 1800px\" \/><\/p>\n","protected":false},"excerpt":{"rendered":"<p>Tras las publicaciones en redes sociales sobre el supuesto fallecimiento de Percy \u00abTrucha\u00bb Rojas, la hija del exfutbolista peruano, Mar\u00eda Bel\u00e9n Rojas, descart\u00f3 ese rumor . Lima, 28 Enero 2020, (ANDINA).- Tras las publicaciones en redes sociales sobre el supuesto fallecimiento de Percy \u00abTrucha\u00bb Rojas, la hija del exfutbolista peruano, Mar\u00eda Bel\u00e9n Rojas, descart\u00f3 ese [&hellip;]<\/p>\n","protected":false},"author":1,"featured_media":63982,"comment_status":"open","ping_status":"open","sticky":false,"template":"","format":"standard","meta":{"rop_custom_images_group":[],"rop_custom_messages_group":[],"rop_publish_now":"initial","rop_publish_now_accounts":[],"rop_publish_now_history":[],"rop_publish_now_status":"pending","footnotes":""},"categories":[8],"tags":[2157],"class_list":["post-63981","post","type-post","status-publish","format-standard","has-post-thumbnail","hentry","category-disciplinas-deportivas","tag-percy-rojas"],"_links":{"self":[{"href":"https:\/\/elinformanteperu.com\/index.php\/wp-json\/wp\/v2\/posts\/63981","targetHints":{"allow":["GET"]}}],"collection":[{"href":"https:\/\/elinformanteperu.com\/index.php\/wp-json\/wp\/v2\/posts"}],"about":[{"href":"https:\/\/elinformanteperu.com\/index.php\/wp-json\/wp\/v2\/types\/post"}],"author":[{"embeddable":true,"href":"https:\/\/elinformanteperu.com\/index.php\/wp-json\/wp\/v2\/users\/1"}],"replies":[{"embeddable":true,"href":"https:\/\/elinformanteperu.com\/index.php\/wp-json\/wp\/v2\/comments?post=63981"}],"version-history":[{"count":1,"href":"https:\/\/elinformanteperu.com\/index.php\/wp-json\/wp\/v2\/posts\/63981\/revisions"}],"predecessor-version":[{"id":63983,"href":"https:\/\/elinformanteperu.com\/index.php\/wp-json\/wp\/v2\/posts\/63981\/revisions\/63983"}],"wp:featuredmedia":[{"embeddable":true,"href":"https:\/\/elinformanteperu.com\/index.php\/wp-json\/wp\/v2\/media\/63982"}],"wp:attachment":[{"href":"https:\/\/elinformanteperu.com\/index.php\/wp-json\/wp\/v2\/media?parent=63981"}],"wp:term":[{"taxonomy":"category","embeddable":true,"href":"https:\/\/elinformanteperu.com\/index.php\/wp-json\/wp\/v2\/categories?post=63981"},{"taxonomy":"post_tag","embeddable":true,"href":"https:\/\/elinformanteperu.com\/index.php\/wp-json\/wp\/v2\/tags?post=63981"}],"curies":[{"name":"wp","href":"https:\/\/api.w.org\/{rel}","templated":true}]}}