{"id":63978,"date":"2020-01-28T22:04:50","date_gmt":"2020-01-29T03:04:50","guid":{"rendered":"http:\/\/elinformanteperu.com\/?p=63978"},"modified":"2020-01-28T22:04:50","modified_gmt":"2020-01-29T03:04:50","slug":"alianza-lima-bengoechea-y-su-preocupacion-a-pocos-dias-del-debut","status":"publish","type":"post","link":"https:\/\/elinformanteperu.com\/index.php\/2020\/01\/28\/alianza-lima-bengoechea-y-su-preocupacion-a-pocos-dias-del-debut\/","title":{"rendered":"Alianza Lima: Bengoechea y su preocupaci\u00f3n a pocos d\u00edas del debut"},"content":{"rendered":"<p><strong><span style=\"color: #000000;\">El t\u00e9cnico de Alianza Lima, Pablo Bengochea, se mostr\u00f3 preocupado por la ansiedad que tienen sus pupilos para el debut del Torneo Apertura.<\/span><\/strong><\/p>\n<p><span style=\"color: #000000;\"><strong>Lima, 28 Enero 2020, (ANDINA).-<\/strong> El t\u00e9cnico de Alianza Lima, Pablo Bengochea, se mostr\u00f3 preocupado por la ansiedad que tienen sus pupilos para el debut del Torneo Apertura, que empieza el viernes 31 de enero, y se\u00f1al\u00f3 que espera que eso no los perjudique cuando jueguen de local ante Alianza Universidad.<\/span><\/p>\n<p><span style=\"color: #000000;\">Bengoechea ya tiene en mente al equipo que saltar\u00e1 al gramado del estadio Alejandro Villanueva en la primera jornada de la Liga 1, pero espera que la ansiedad no les juegue una mala pasada y puedan empezar el torneo con una victoria.<\/span><\/p>\n<p><span style=\"color: #000000;\">\u00abEl plantel est\u00e1 ansioso, con ganas de que llegue el viernes pero esperemos que esa ansiedad no nos perjudique. Obvio que es buen\u00edsimo empezar ganando pero no sabemos lo que va a pasar, lo vamos a intentar por todos los medios\u00bb, dijo Pablo Bengoechea en conferencia de prensa.<\/span><\/p>\n<p><span style=\"color: #000000;\">El entrenador uruguayo dej\u00f3 entrever que la presencia de su compatriota Luis Aguiar lo hace pensar en jugar con tres volantes (junto a Josepmir Ball\u00edn y Carlos Acues) para tener dos en punta.<\/span><\/p>\n<p><span style=\"color: #000000;\">\u00abLas caracter\u00edsticas de Aguiar no las vamos a descubrir, da buenos pases, le pega muy bien a la pelota y nos da jerarqu\u00eda en la pelota quieta. De a pocos va a ir teniendo minutos, queremos tener un plantel competitivo, con variantes\u00bb, manifest\u00f3.<\/span><\/p>\n<p><span style=\"color: #000000;\">Pablo Bengoechea explic\u00f3 c\u00f3mo funciona su sistema de defensivo. Cuando su equipo est\u00e1 en posici\u00f3n de retroceso, defiende con cinco jugadores; cuando va al ataque forma una l\u00ednea de 3 y cuando forman una l\u00ednea de 4, un lateral siempre pasa al ataque.<\/span><\/p>\n<p><span style=\"color: #000000;\">\u00abLo que hemos intentado es traer futbolistas que pensamos que tienen ritmo internacional\u00bb, precis\u00f3.<\/span><\/p>\n<p><span style=\"color: #000000;\">El viernes 31 de enero, a las 20.30 horas, Alianza Lima recibir\u00e1 al Alianza Universidad en la primera fecha del Torneo Clausura de la Liga 1.<\/span><\/p>\n<p><img fetchpriority=\"high\" decoding=\"async\" class=\"aligncenter size-full wp-image-63979\" src=\"http:\/\/elinformanteperu.com\/wp-content\/uploads\/2020\/01\/alianza-entrenamientos.jpg\" alt=\"\" width=\"1800\" height=\"1200\" srcset=\"https:\/\/elinformanteperu.com\/wp-content\/uploads\/2020\/01\/alianza-entrenamientos.jpg 1800w, https:\/\/elinformanteperu.com\/wp-content\/uploads\/2020\/01\/alianza-entrenamientos-300x200.jpg 300w, https:\/\/elinformanteperu.com\/wp-content\/uploads\/2020\/01\/alianza-entrenamientos-1024x683.jpg 1024w, https:\/\/elinformanteperu.com\/wp-content\/uploads\/2020\/01\/alianza-entrenamientos-768x512.jpg 768w, https:\/\/elinformanteperu.com\/wp-content\/uploads\/2020\/01\/alianza-entrenamientos-1536x1024.jpg 1536w, https:\/\/elinformanteperu.com\/wp-content\/uploads\/2020\/01\/alianza-entrenamientos-128x85.jpg 128w, https:\/\/elinformanteperu.com\/wp-content\/uploads\/2020\/01\/alianza-entrenamientos-32x21.jpg 32w\" sizes=\"(max-width: 1800px) 100vw, 1800px\" \/><\/p>\n","protected":false},"excerpt":{"rendered":"<p>El t\u00e9cnico de Alianza Lima, Pablo Bengochea, se mostr\u00f3 preocupado por la ansiedad que tienen sus pupilos para el debut del Torneo Apertura. Lima, 28 Enero 2020, (ANDINA).- El t\u00e9cnico de Alianza Lima, Pablo Bengochea, se mostr\u00f3 preocupado por la ansiedad que tienen sus pupilos para el debut del Torneo Apertura, que empieza el viernes [&hellip;]<\/p>\n","protected":false},"author":1,"featured_media":63317,"comment_status":"open","ping_status":"open","sticky":false,"template":"","format":"standard","meta":{"rop_custom_images_group":[],"rop_custom_messages_group":[],"rop_publish_now":"initial","rop_publish_now_accounts":[],"rop_publish_now_history":[],"rop_publish_now_status":"pending","footnotes":""},"categories":[8],"tags":[91,712],"class_list":["post-63978","post","type-post","status-publish","format-standard","has-post-thumbnail","hentry","category-disciplinas-deportivas","tag-alianza-lima","tag-pablo-bengoechea"],"_links":{"self":[{"href":"https:\/\/elinformanteperu.com\/index.php\/wp-json\/wp\/v2\/posts\/63978","targetHints":{"allow":["GET"]}}],"collection":[{"href":"https:\/\/elinformanteperu.com\/index.php\/wp-json\/wp\/v2\/posts"}],"about":[{"href":"https:\/\/elinformanteperu.com\/index.php\/wp-json\/wp\/v2\/types\/post"}],"author":[{"embeddable":true,"href":"https:\/\/elinformanteperu.com\/index.php\/wp-json\/wp\/v2\/users\/1"}],"replies":[{"embeddable":true,"href":"https:\/\/elinformanteperu.com\/index.php\/wp-json\/wp\/v2\/comments?post=63978"}],"version-history":[{"count":1,"href":"https:\/\/elinformanteperu.com\/index.php\/wp-json\/wp\/v2\/posts\/63978\/revisions"}],"predecessor-version":[{"id":63980,"href":"https:\/\/elinformanteperu.com\/index.php\/wp-json\/wp\/v2\/posts\/63978\/revisions\/63980"}],"wp:featuredmedia":[{"embeddable":true,"href":"https:\/\/elinformanteperu.com\/index.php\/wp-json\/wp\/v2\/media\/63317"}],"wp:attachment":[{"href":"https:\/\/elinformanteperu.com\/index.php\/wp-json\/wp\/v2\/media?parent=63978"}],"wp:term":[{"taxonomy":"category","embeddable":true,"href":"https:\/\/elinformanteperu.com\/index.php\/wp-json\/wp\/v2\/categories?post=63978"},{"taxonomy":"post_tag","embeddable":true,"href":"https:\/\/elinformanteperu.com\/index.php\/wp-json\/wp\/v2\/tags?post=63978"}],"curies":[{"name":"wp","href":"https:\/\/api.w.org\/{rel}","templated":true}]}}