{"id":6384,"date":"2017-02-16T00:11:13","date_gmt":"2017-02-16T05:11:13","guid":{"rendered":"http:\/\/elinformanteperu.com\/?p=6384"},"modified":"2017-02-16T00:11:13","modified_gmt":"2017-02-16T05:11:13","slug":"bruce-rechazamos-propuesta-para-separar-a-ministra-romero-lozada","status":"publish","type":"post","link":"https:\/\/elinformanteperu.com\/index.php\/2017\/02\/16\/bruce-rechazamos-propuesta-para-separar-a-ministra-romero-lozada\/","title":{"rendered":"Bruce: rechazamos propuesta para separar a ministra Romero-Lozada"},"content":{"rendered":"<p><strong>La bancada de Peruanos por el Kambio (PPK) no respalda el pedido para separar a la titular del Ministerio de la Mujer, Ana Mar\u00eda Romero-Lozada.<\/strong><\/p>\n<p><strong>Lima, 15 Febrero 2017, (ANDINA).-<\/strong> La bancada de Peruanos por el Kambio (PPK) no respalda el pedido del Comit\u00e9 Ejecutivo Nacional (CEN) del partido de gobierno para separar a la titular del Ministerio de la Mujer y Poblaciones Vulnerables (Mimp), Ana Mar\u00eda Romero-Lozada.<\/p>\n<p>\u201cNo estamos a favor de que la ministra Romero-Lozada deba dejar su cargo\u201d, manifest\u00f3 Carlos Bruce, vocero de este grupo parlamentario.<\/p>\n<p>El CEN del PPK acord\u00f3 pedir la renuncia de Romero-Lozada por haber sido presidenta de la Organizaci\u00f3n no Gubernamental (ONG) del expresidente Alejandro Toledo, actualmente pr\u00f3fugo de la justicia peruana.<\/p>\n<p>Seg\u00fan Bruce, tambi\u00e9n exministro de la gesti\u00f3n de Toledo, los parlamentarios de PPK coinciden en que no es factible separar a Romero-Lozada por el solo hecho de haber participado en un gobierno o dirigido una ONG.<\/p>\n<p>Indic\u00f3 que la separaci\u00f3n proceder\u00eda en caso de que Romero-Lozada hubiera tenido conocimiento de la existencia de fondos il\u00edcitos en el gobierno de Toledo o en la ONG.<\/p>\n<p>(\u2026) Pero pasaron diez a\u00f1os y reci\u00e9n todo el pa\u00eds se entera de la existencia de estos fondos il\u00edcitos. Es sumamente injusto juzgar a una persona con informaci\u00f3n que hoy d\u00eda contamos y que no exist\u00eda hace diez a\u00f1os\u201d, manifest\u00f3.<\/p>\n","protected":false},"excerpt":{"rendered":"<p>La bancada de Peruanos por el Kambio (PPK) no respalda el pedido para separar a la titular del Ministerio de la Mujer, Ana Mar\u00eda Romero-Lozada. Lima, 15 Febrero 2017, (ANDINA).- La bancada de Peruanos por el Kambio (PPK) no respalda el pedido del Comit\u00e9 Ejecutivo Nacional (CEN) del partido de gobierno para separar a la [&hellip;]<\/p>\n","protected":false},"author":1,"featured_media":6385,"comment_status":"open","ping_status":"open","sticky":false,"template":"","format":"standard","meta":{"rop_custom_images_group":[],"rop_custom_messages_group":[],"rop_publish_now":"initial","rop_publish_now_accounts":[],"rop_publish_now_history":[],"rop_publish_now_status":"pending","footnotes":""},"categories":[5],"tags":[311,523,312,74,73],"class_list":["post-6384","post","type-post","status-publish","format-standard","has-post-thumbnail","hentry","category-actualidad-informativa","tag-ana-maria-romero","tag-carlos-bruce","tag-ministerio-de-la-mujer","tag-pedro-pablo-kuczynski","tag-ppk"],"_links":{"self":[{"href":"https:\/\/elinformanteperu.com\/index.php\/wp-json\/wp\/v2\/posts\/6384","targetHints":{"allow":["GET"]}}],"collection":[{"href":"https:\/\/elinformanteperu.com\/index.php\/wp-json\/wp\/v2\/posts"}],"about":[{"href":"https:\/\/elinformanteperu.com\/index.php\/wp-json\/wp\/v2\/types\/post"}],"author":[{"embeddable":true,"href":"https:\/\/elinformanteperu.com\/index.php\/wp-json\/wp\/v2\/users\/1"}],"replies":[{"embeddable":true,"href":"https:\/\/elinformanteperu.com\/index.php\/wp-json\/wp\/v2\/comments?post=6384"}],"version-history":[{"count":1,"href":"https:\/\/elinformanteperu.com\/index.php\/wp-json\/wp\/v2\/posts\/6384\/revisions"}],"predecessor-version":[{"id":6386,"href":"https:\/\/elinformanteperu.com\/index.php\/wp-json\/wp\/v2\/posts\/6384\/revisions\/6386"}],"wp:featuredmedia":[{"embeddable":true,"href":"https:\/\/elinformanteperu.com\/index.php\/wp-json\/wp\/v2\/media\/6385"}],"wp:attachment":[{"href":"https:\/\/elinformanteperu.com\/index.php\/wp-json\/wp\/v2\/media?parent=6384"}],"wp:term":[{"taxonomy":"category","embeddable":true,"href":"https:\/\/elinformanteperu.com\/index.php\/wp-json\/wp\/v2\/categories?post=6384"},{"taxonomy":"post_tag","embeddable":true,"href":"https:\/\/elinformanteperu.com\/index.php\/wp-json\/wp\/v2\/tags?post=6384"}],"curies":[{"name":"wp","href":"https:\/\/api.w.org\/{rel}","templated":true}]}}