{"id":63752,"date":"2020-01-26T09:35:31","date_gmt":"2020-01-26T14:35:31","guid":{"rendered":"http:\/\/elinformanteperu.com\/?p=63752"},"modified":"2020-01-26T09:35:31","modified_gmt":"2020-01-26T14:35:31","slug":"preolimpico-sub-23-peru-volteo-el-marcador-y-derroto-a-paraguay-por-3-a-2","status":"publish","type":"post","link":"https:\/\/elinformanteperu.com\/index.php\/2020\/01\/26\/preolimpico-sub-23-peru-volteo-el-marcador-y-derroto-a-paraguay-por-3-a-2\/","title":{"rendered":"Preol\u00edmpico sub-23: Per\u00fa volte\u00f3 el marcador y derrot\u00f3 a Paraguay por 3 a 2"},"content":{"rendered":"<p><span style=\"color: #000000;\"><strong>Remontada \u00e9pica. El seleccionado de Per\u00fa derrot\u00f3 por el marcador de tres goles a dos a su similar de Paraguay por el Preol\u00edmpico Sudamericano Sub-23.<\/strong><\/span><\/p>\n<p><span style=\"color: #000000;\"><strong>Lima, 25 Enero 2020, (ANDINA).-<\/strong> Remontada \u00e9pica. El seleccionado de Per\u00fa derrot\u00f3 por el marcador de tres goles a dos a su similar de Paraguay por el Preol\u00edmpico Sudamericano Sub-23, lo cual le permiti\u00f3 sumar sus primeros tres puntos del torneo.<\/span><\/p>\n<p><span style=\"color: #000000;\">En la primera parte del encuentro el combinado peruano mostr\u00f3 un baj\u00edsimo nivel en todas sus l\u00edneas, lo cual fue aprovechado por el seleccionado paraguayo para tener un dominio total de las acciones.<\/span><\/p>\n<p><span style=\"color: #000000;\">Y es as\u00ed que a los 14 minutos de iniciado el encuentro el defensa S\u00e1ul Salcedo aprovech\u00f3 un desorden en la marca peruana para decretar el uno a cero con un potente cabezazo.<\/span><\/p>\n<p><span style=\"color: #000000;\">Un minuto despu\u00e9s el volante guaran\u00ed Sergio D\u00edaz aprovech\u00f3 una serie de rebotes en el \u00e1rea grande de Per\u00fa para ampliar el marcador y establecer el dos a cero con un derechazo.<\/span><\/p>\n<p><span style=\"color: #000000;\">El dominio paraguayo continu\u00f3 durante todo el primer tiempo, lo que oblig\u00f3 al arquero peruano, Renato Sois, a hacer denodados esfuerzos por no ver vencida su porter\u00eda en m\u00e1s ocasiones.<\/span><\/p>\n<p><span style=\"color: #000000;\">En el segundo tiempo, el cuadro peruano adelant\u00f3 l\u00edneas en busca el empate, pero con un f\u00fatbol pobre. Sin embargo, a los 17 minutos de la segunda mitad el delantero peruano Sebasti\u00e1n Gonzales aprovech\u00f3 una pelota suelta para empujarla a la red y descontar en el marcador.<\/span><\/p>\n<p><span style=\"color: #000000;\">Con el marcado m\u00e1s estrecho, la selecci\u00f3n peruana tuvo m\u00e1s actitud y puso contra las cuerdas al cuadro guaran\u00ed. Este ligero dominio permiti\u00f3 que a los 25 minutos el volante Luis Carranza empatar\u00e1 el marcador tras una desafortunada jugada del arquero paraguayo Miguel Martinez.<\/span><\/p>\n<p><span style=\"color: #000000;\">El empate gener\u00f3 un envi\u00f3n an\u00edmico en el seleccionado peruano y a su vez desorden en la defensa paraguaya. Un desborde del delantero Fernando Pacheco gener\u00f3 el autogol del defensa paraguayo Santiago Arzamendia a los 29 minutos de la segunda mitad.<\/span><\/p>\n<p><span style=\"color: #000000;\">Luego de la remontada el cuadro paraguayo adelant\u00f3 sus l\u00edneas en pos del empate, pero no tuvo resultados. Con este marcador, tanto Per\u00fa y Paraguay igualan en el Grupo B del torneo con tres unidades.<\/span><\/p>\n<p><img fetchpriority=\"high\" decoding=\"async\" class=\"aligncenter size-full wp-image-63323\" src=\"http:\/\/elinformanteperu.com\/wp-content\/uploads\/2020\/01\/sub-23-2020.jpg\" alt=\"\" width=\"1800\" height=\"1240\" srcset=\"https:\/\/elinformanteperu.com\/wp-content\/uploads\/2020\/01\/sub-23-2020.jpg 1800w, https:\/\/elinformanteperu.com\/wp-content\/uploads\/2020\/01\/sub-23-2020-300x207.jpg 300w, https:\/\/elinformanteperu.com\/wp-content\/uploads\/2020\/01\/sub-23-2020-1024x705.jpg 1024w, https:\/\/elinformanteperu.com\/wp-content\/uploads\/2020\/01\/sub-23-2020-768x529.jpg 768w, https:\/\/elinformanteperu.com\/wp-content\/uploads\/2020\/01\/sub-23-2020-128x88.jpg 128w, https:\/\/elinformanteperu.com\/wp-content\/uploads\/2020\/01\/sub-23-2020-32x22.jpg 32w\" sizes=\"(max-width: 1800px) 100vw, 1800px\" \/><\/p>\n","protected":false},"excerpt":{"rendered":"<p>Remontada \u00e9pica. El seleccionado de Per\u00fa derrot\u00f3 por el marcador de tres goles a dos a su similar de Paraguay por el Preol\u00edmpico Sudamericano Sub-23. Lima, 25 Enero 2020, (ANDINA).- Remontada \u00e9pica. El seleccionado de Per\u00fa derrot\u00f3 por el marcador de tres goles a dos a su similar de Paraguay por el Preol\u00edmpico Sudamericano Sub-23, [&hellip;]<\/p>\n","protected":false},"author":1,"featured_media":63753,"comment_status":"open","ping_status":"open","sticky":false,"template":"","format":"standard","meta":{"rop_custom_images_group":[],"rop_custom_messages_group":[],"rop_publish_now":"initial","rop_publish_now_accounts":[],"rop_publish_now_history":[],"rop_publish_now_status":"pending","footnotes":""},"categories":[8],"tags":[5070,4348],"class_list":["post-63752","post","type-post","status-publish","format-standard","has-post-thumbnail","hentry","category-disciplinas-deportivas","tag-seleccion-peruana-sub-23","tag-seleccion-sub-23"],"_links":{"self":[{"href":"https:\/\/elinformanteperu.com\/index.php\/wp-json\/wp\/v2\/posts\/63752","targetHints":{"allow":["GET"]}}],"collection":[{"href":"https:\/\/elinformanteperu.com\/index.php\/wp-json\/wp\/v2\/posts"}],"about":[{"href":"https:\/\/elinformanteperu.com\/index.php\/wp-json\/wp\/v2\/types\/post"}],"author":[{"embeddable":true,"href":"https:\/\/elinformanteperu.com\/index.php\/wp-json\/wp\/v2\/users\/1"}],"replies":[{"embeddable":true,"href":"https:\/\/elinformanteperu.com\/index.php\/wp-json\/wp\/v2\/comments?post=63752"}],"version-history":[{"count":1,"href":"https:\/\/elinformanteperu.com\/index.php\/wp-json\/wp\/v2\/posts\/63752\/revisions"}],"predecessor-version":[{"id":63754,"href":"https:\/\/elinformanteperu.com\/index.php\/wp-json\/wp\/v2\/posts\/63752\/revisions\/63754"}],"wp:featuredmedia":[{"embeddable":true,"href":"https:\/\/elinformanteperu.com\/index.php\/wp-json\/wp\/v2\/media\/63753"}],"wp:attachment":[{"href":"https:\/\/elinformanteperu.com\/index.php\/wp-json\/wp\/v2\/media?parent=63752"}],"wp:term":[{"taxonomy":"category","embeddable":true,"href":"https:\/\/elinformanteperu.com\/index.php\/wp-json\/wp\/v2\/categories?post=63752"},{"taxonomy":"post_tag","embeddable":true,"href":"https:\/\/elinformanteperu.com\/index.php\/wp-json\/wp\/v2\/tags?post=63752"}],"curies":[{"name":"wp","href":"https:\/\/api.w.org\/{rel}","templated":true}]}}