{"id":63584,"date":"2020-01-22T21:43:11","date_gmt":"2020-01-23T02:43:11","guid":{"rendered":"http:\/\/elinformanteperu.com\/?p=63584"},"modified":"2020-01-23T00:14:58","modified_gmt":"2020-01-23T05:14:58","slug":"alianza-lima-hizo-oficial-la-contratacion-de-luis-aguiar","status":"publish","type":"post","link":"https:\/\/elinformanteperu.com\/index.php\/2020\/01\/22\/alianza-lima-hizo-oficial-la-contratacion-de-luis-aguiar\/","title":{"rendered":"Alianza Lima hizo oficial la contrataci\u00f3n de Luis Aguiar"},"content":{"rendered":"<p><strong><span style=\"color: #000000;\">Alianza Lima hizo oficial la contrataci\u00f3n del uruguayo Luis Aguiar, quien firm\u00f3 contrato por 1 a\u00f1o. El volante ser\u00e1 presentado en la Noche Blanquiazul.<\/span><\/strong><\/p>\n<p><span style=\"color: #000000;\"><strong>Lima, 22 Enero 2020, (ANDINA).-<\/strong> Alianza Lima hizo oficial la contrataci\u00f3n del uruguayo Luis Aguiar, quien firm\u00f3 contrato por 1 a\u00f1o. El volante ser\u00e1 presentado en la Noche Blanquiazul.<\/span><\/p>\n<p><span style=\"color: #000000;\">El club Alianza Lima inform\u00f3, a trav\u00e9s de sus redes sociales, de que el uruguayo Luis Aguiar firm\u00f3 contrato por un a\u00f1o con los &#8216;blanquiazules&#8217;.<\/span><\/p>\n<p><span style=\"color: #000000;\">\u00ab\u00a1Bienvenido, &#8216;Canario&#8217;! Y un d\u00eda volvi\u00f3. Luego de pasar ex\u00e1menes m\u00e9dicos, Luis Aguiar ya es Blanquiazul y firm\u00f3 por un a\u00f1o, regresando a su casa. \u00a1A romperla!\u00bb, inform\u00f3 el club.<\/span><\/p>\n<p><span style=\"color: #000000;\">De esta manera, se hace oficial el regreso del volante que fue campe\u00f3n con Alianza en 2017.<\/span><\/p>\n<p><img fetchpriority=\"high\" decoding=\"async\" class=\"aligncenter size-full wp-image-63585\" src=\"http:\/\/elinformanteperu.com\/wp-content\/uploads\/2020\/01\/Alianza-Luis-Aguiar.jpg\" alt=\"\" width=\"1800\" height=\"945\" srcset=\"https:\/\/elinformanteperu.com\/wp-content\/uploads\/2020\/01\/Alianza-Luis-Aguiar.jpg 1800w, https:\/\/elinformanteperu.com\/wp-content\/uploads\/2020\/01\/Alianza-Luis-Aguiar-300x158.jpg 300w, https:\/\/elinformanteperu.com\/wp-content\/uploads\/2020\/01\/Alianza-Luis-Aguiar-1024x538.jpg 1024w, https:\/\/elinformanteperu.com\/wp-content\/uploads\/2020\/01\/Alianza-Luis-Aguiar-768x403.jpg 768w\" sizes=\"(max-width: 1800px) 100vw, 1800px\" \/><\/p>\n","protected":false},"excerpt":{"rendered":"<p>Alianza Lima hizo oficial la contrataci\u00f3n del uruguayo Luis Aguiar, quien firm\u00f3 contrato por 1 a\u00f1o. El volante ser\u00e1 presentado en la Noche Blanquiazul. Lima, 22 Enero 2020, (ANDINA).- Alianza Lima hizo oficial la contrataci\u00f3n del uruguayo Luis Aguiar, quien firm\u00f3 contrato por 1 a\u00f1o. El volante ser\u00e1 presentado en la Noche Blanquiazul. El club [&hellip;]<\/p>\n","protected":false},"author":1,"featured_media":14382,"comment_status":"open","ping_status":"open","sticky":false,"template":"","format":"standard","meta":{"rop_custom_images_group":[],"rop_custom_messages_group":[],"rop_publish_now":"initial","rop_publish_now_accounts":[],"rop_publish_now_history":[],"rop_publish_now_status":"pending","footnotes":""},"categories":[8],"tags":[91,575],"class_list":["post-63584","post","type-post","status-publish","format-standard","has-post-thumbnail","hentry","category-disciplinas-deportivas","tag-alianza-lima","tag-luis-aguiar"],"_links":{"self":[{"href":"https:\/\/elinformanteperu.com\/index.php\/wp-json\/wp\/v2\/posts\/63584","targetHints":{"allow":["GET"]}}],"collection":[{"href":"https:\/\/elinformanteperu.com\/index.php\/wp-json\/wp\/v2\/posts"}],"about":[{"href":"https:\/\/elinformanteperu.com\/index.php\/wp-json\/wp\/v2\/types\/post"}],"author":[{"embeddable":true,"href":"https:\/\/elinformanteperu.com\/index.php\/wp-json\/wp\/v2\/users\/1"}],"replies":[{"embeddable":true,"href":"https:\/\/elinformanteperu.com\/index.php\/wp-json\/wp\/v2\/comments?post=63584"}],"version-history":[{"count":2,"href":"https:\/\/elinformanteperu.com\/index.php\/wp-json\/wp\/v2\/posts\/63584\/revisions"}],"predecessor-version":[{"id":63610,"href":"https:\/\/elinformanteperu.com\/index.php\/wp-json\/wp\/v2\/posts\/63584\/revisions\/63610"}],"wp:featuredmedia":[{"embeddable":true,"href":"https:\/\/elinformanteperu.com\/index.php\/wp-json\/wp\/v2\/media\/14382"}],"wp:attachment":[{"href":"https:\/\/elinformanteperu.com\/index.php\/wp-json\/wp\/v2\/media?parent=63584"}],"wp:term":[{"taxonomy":"category","embeddable":true,"href":"https:\/\/elinformanteperu.com\/index.php\/wp-json\/wp\/v2\/categories?post=63584"},{"taxonomy":"post_tag","embeddable":true,"href":"https:\/\/elinformanteperu.com\/index.php\/wp-json\/wp\/v2\/tags?post=63584"}],"curies":[{"name":"wp","href":"https:\/\/api.w.org\/{rel}","templated":true}]}}