{"id":63582,"date":"2020-01-22T19:58:35","date_gmt":"2020-01-23T00:58:35","guid":{"rendered":"http:\/\/elinformanteperu.com\/?p=63582"},"modified":"2020-01-22T19:58:35","modified_gmt":"2020-01-23T00:58:35","slug":"christian-cueva-no-la-pasa-bien-y-no-tiene-cuando-acabar-su-mala-racha","status":"publish","type":"post","link":"https:\/\/elinformanteperu.com\/index.php\/2020\/01\/22\/christian-cueva-no-la-pasa-bien-y-no-tiene-cuando-acabar-su-mala-racha\/","title":{"rendered":"Christian Cueva no la pasa bien y no tiene cuando acabar su mala racha"},"content":{"rendered":"<p><strong><span style=\"color: #000000;\">Cuando parec\u00eda que las malas noticias acababan para el peruano Christian Cueva tras la salida de Jorge Sampaoli del Santos FC, las cosas vuelven a ponerse cuesta arriba.<\/span><\/strong><\/p>\n<p><span style=\"color: #000000;\"><strong>Sao Paulo, 22 Enero 2020, (ANDINA).-<\/strong> Cuando parec\u00eda que las malas noticias acababan para el peruano Christian Cueva tras la salida de Jorge Sampaoli del Santos FC, las cosas vuelven a ponerse cuesta arriba luego que no fue inscrito para disputar el Campeonato Paulista por decisi\u00f3n del estratega portugu\u00e9s Jesualdo Ferreira.<\/span><\/p>\n<p><span style=\"color: #000000;\">Christian Cueva qued\u00f3 al margen de los inscritos por el Santos para afrontar el Campeonato Paulista, que es el torneo local que enfrentan en la primera parte del a\u00f1o.<\/span><\/p>\n<p><span style=\"color: #000000;\">Tampoco no fue inscrito en la lista \u2018B\u2019, por lo que no podr\u00e1 actuar en el certamen.<\/span><\/p>\n<p><span style=\"color: #000000;\">La actualidad del volante peruano genera incertidumbre, ya que no se sabe si continuar\u00e1 o no en el conjunto brasile\u00f1o, aunque los directivos de ese club dieron a entender que est\u00e1n a la espera de propuestas de clubes argentinos para prestarlo, ya que el 31 de enero se cierra el libro de pases en el pa\u00eds de La Plata.<\/span><\/p>\n<p><span style=\"color: #000000;\">Otra opci\u00f3n ser\u00eda devolverlo al club Krasnodar de Rusia, due\u00f1o de su pase.<\/span><\/p>\n<p><span style=\"color: #000000;\">La Copa de Brasil inicia en la primera semana de febrero, aunque Santos participar\u00e1 desde la \u00faltima semana de abril.<\/span><\/p>\n<p><span style=\"color: #000000;\">La preocupaci\u00f3n por la falta de actividad de Cueva es evidente en la selecci\u00f3n peruana porque lo tienen en el radar para afrontar la primera fecha de las eliminatorias a Catar 2020, en marzo.<\/span><\/p>\n<p><img fetchpriority=\"high\" decoding=\"async\" class=\"aligncenter size-full wp-image-59667\" src=\"http:\/\/elinformanteperu.com\/wp-content\/uploads\/2019\/11\/cueva-problemas.jpg\" alt=\"\" width=\"1800\" height=\"1200\" srcset=\"https:\/\/elinformanteperu.com\/wp-content\/uploads\/2019\/11\/cueva-problemas.jpg 1800w, https:\/\/elinformanteperu.com\/wp-content\/uploads\/2019\/11\/cueva-problemas-300x200.jpg 300w, https:\/\/elinformanteperu.com\/wp-content\/uploads\/2019\/11\/cueva-problemas-768x512.jpg 768w, https:\/\/elinformanteperu.com\/wp-content\/uploads\/2019\/11\/cueva-problemas-1024x683.jpg 1024w, https:\/\/elinformanteperu.com\/wp-content\/uploads\/2019\/11\/cueva-problemas-128x85.jpg 128w, https:\/\/elinformanteperu.com\/wp-content\/uploads\/2019\/11\/cueva-problemas-32x21.jpg 32w\" sizes=\"(max-width: 1800px) 100vw, 1800px\" \/><\/p>\n","protected":false},"excerpt":{"rendered":"<p>Cuando parec\u00eda que las malas noticias acababan para el peruano Christian Cueva tras la salida de Jorge Sampaoli del Santos FC, las cosas vuelven a ponerse cuesta arriba. Sao Paulo, 22 Enero 2020, (ANDINA).- Cuando parec\u00eda que las malas noticias acababan para el peruano Christian Cueva tras la salida de Jorge Sampaoli del Santos FC, [&hellip;]<\/p>\n","protected":false},"author":1,"featured_media":59593,"comment_status":"open","ping_status":"open","sticky":false,"template":"","format":"standard","meta":{"rop_custom_images_group":[],"rop_custom_messages_group":[],"rop_publish_now":"initial","rop_publish_now_accounts":[],"rop_publish_now_history":[],"rop_publish_now_status":"pending","footnotes":""},"categories":[8],"tags":[89,90],"class_list":["post-63582","post","type-post","status-publish","format-standard","has-post-thumbnail","hentry","category-disciplinas-deportivas","tag-christian-cueva","tag-sao-paulo"],"_links":{"self":[{"href":"https:\/\/elinformanteperu.com\/index.php\/wp-json\/wp\/v2\/posts\/63582","targetHints":{"allow":["GET"]}}],"collection":[{"href":"https:\/\/elinformanteperu.com\/index.php\/wp-json\/wp\/v2\/posts"}],"about":[{"href":"https:\/\/elinformanteperu.com\/index.php\/wp-json\/wp\/v2\/types\/post"}],"author":[{"embeddable":true,"href":"https:\/\/elinformanteperu.com\/index.php\/wp-json\/wp\/v2\/users\/1"}],"replies":[{"embeddable":true,"href":"https:\/\/elinformanteperu.com\/index.php\/wp-json\/wp\/v2\/comments?post=63582"}],"version-history":[{"count":1,"href":"https:\/\/elinformanteperu.com\/index.php\/wp-json\/wp\/v2\/posts\/63582\/revisions"}],"predecessor-version":[{"id":63583,"href":"https:\/\/elinformanteperu.com\/index.php\/wp-json\/wp\/v2\/posts\/63582\/revisions\/63583"}],"wp:featuredmedia":[{"embeddable":true,"href":"https:\/\/elinformanteperu.com\/index.php\/wp-json\/wp\/v2\/media\/59593"}],"wp:attachment":[{"href":"https:\/\/elinformanteperu.com\/index.php\/wp-json\/wp\/v2\/media?parent=63582"}],"wp:term":[{"taxonomy":"category","embeddable":true,"href":"https:\/\/elinformanteperu.com\/index.php\/wp-json\/wp\/v2\/categories?post=63582"},{"taxonomy":"post_tag","embeddable":true,"href":"https:\/\/elinformanteperu.com\/index.php\/wp-json\/wp\/v2\/tags?post=63582"}],"curies":[{"name":"wp","href":"https:\/\/api.w.org\/{rel}","templated":true}]}}