{"id":63579,"date":"2020-01-22T19:37:47","date_gmt":"2020-01-23T00:37:47","guid":{"rendered":"http:\/\/elinformanteperu.com\/?p=63579"},"modified":"2020-01-22T19:37:47","modified_gmt":"2020-01-23T00:37:47","slug":"wilder-cartagena-ya-se-luce-con-la-camiseta-del-godoy-cruz-de-argentina","status":"publish","type":"post","link":"https:\/\/elinformanteperu.com\/index.php\/2020\/01\/22\/wilder-cartagena-ya-se-luce-con-la-camiseta-del-godoy-cruz-de-argentina\/","title":{"rendered":"Wilder Cartagena ya se luce con la camiseta del Godoy Cruz de Argentina"},"content":{"rendered":"<p><strong><span style=\"color: #000000;\">El volante peruano Wilder Cartagena vive sus primeros momentos como nuevo jugador del Godoy Cruz de Argentina, club con el que desea relanzar su carrera deportiva.<\/span><\/strong><\/p>\n<p><span style=\"color: #000000;\"><strong>Buenos Aires, 22 Enero 2020, (ANDINA).-<\/strong> El volante peruano Wilder Cartagena vive sus primeros momentos como nuevo jugador del Godoy Cruz de Argentina, club con el que desea relanzar su carrera deportiva en el \u00e1mbito internacional. El flamante jale prometi\u00f3 esfuerzo en pos de sacar al \u00abbodeguero\u00bb de los \u00faltimos lugares de la Superliga.<\/span><\/p>\n<p><span style=\"color: #000000;\">\u00abGracias Dios m\u00edo por este nuevo reto en mi carrera. Estoy muy contento de llegar a este hermoso club y a esta liga tan competitiva\u00bb, public\u00f3 el exjugador de Alianza Lima en redes sociales.<\/span><\/p>\n<p><span style=\"color: #000000;\">Godoy Cruz est\u00e1 \u00faltimo en la Superliga y Cartagena afirm\u00f3: \u00abPrometo dar siempre lo mejor de mi y esforzarme al m\u00e1ximo para ayudar con los objetivos que nos propongamos\u00bb.<\/span><\/p>\n<p><span style=\"color: #000000;\">El m\u00e1nager del Club Deportivo Godoy Cruz, Daniel Oldr\u00e1, asegur\u00f3 que espera que el volante exAliana Lima aporte toda su experiencia en beneficio del equipo y pueda salir de esta mala campa\u00f1a.<\/span><\/p>\n<p><span style=\"color: #000000;\">El objetivo de Cartagena es consolidarse como titular indiscutible en el conjunto \u00abTomba\u00bb y ser considerado por el t\u00e9cnico Ricardo Gareca en las convocatorias para la selecci\u00f3n peruana.<\/span><\/p>\n<p><img fetchpriority=\"high\" decoding=\"async\" class=\"aligncenter size-full wp-image-63533\" src=\"http:\/\/elinformanteperu.com\/wp-content\/uploads\/2020\/01\/Wilder-Cartagena2.jpg\" alt=\"\" width=\"1800\" height=\"1198\" srcset=\"https:\/\/elinformanteperu.com\/wp-content\/uploads\/2020\/01\/Wilder-Cartagena2.jpg 1800w, https:\/\/elinformanteperu.com\/wp-content\/uploads\/2020\/01\/Wilder-Cartagena2-300x200.jpg 300w, https:\/\/elinformanteperu.com\/wp-content\/uploads\/2020\/01\/Wilder-Cartagena2-1024x682.jpg 1024w, https:\/\/elinformanteperu.com\/wp-content\/uploads\/2020\/01\/Wilder-Cartagena2-768x511.jpg 768w, https:\/\/elinformanteperu.com\/wp-content\/uploads\/2020\/01\/Wilder-Cartagena2-1536x1022.jpg 1536w, https:\/\/elinformanteperu.com\/wp-content\/uploads\/2020\/01\/Wilder-Cartagena2-128x85.jpg 128w, https:\/\/elinformanteperu.com\/wp-content\/uploads\/2020\/01\/Wilder-Cartagena2-32x21.jpg 32w\" sizes=\"(max-width: 1800px) 100vw, 1800px\" \/><\/p>\n","protected":false},"excerpt":{"rendered":"<p>El volante peruano Wilder Cartagena vive sus primeros momentos como nuevo jugador del Godoy Cruz de Argentina, club con el que desea relanzar su carrera deportiva. Buenos Aires, 22 Enero 2020, (ANDINA).- El volante peruano Wilder Cartagena vive sus primeros momentos como nuevo jugador del Godoy Cruz de Argentina, club con el que desea relanzar [&hellip;]<\/p>\n","protected":false},"author":1,"featured_media":63580,"comment_status":"open","ping_status":"open","sticky":false,"template":"","format":"standard","meta":{"rop_custom_images_group":[],"rop_custom_messages_group":[],"rop_publish_now":"initial","rop_publish_now_accounts":[],"rop_publish_now_history":[],"rop_publish_now_status":"pending","footnotes":""},"categories":[8],"tags":[4278,4010],"class_list":["post-63579","post","type-post","status-publish","format-standard","has-post-thumbnail","hentry","category-disciplinas-deportivas","tag-godoy-cruz","tag-wilder-cartagena"],"_links":{"self":[{"href":"https:\/\/elinformanteperu.com\/index.php\/wp-json\/wp\/v2\/posts\/63579","targetHints":{"allow":["GET"]}}],"collection":[{"href":"https:\/\/elinformanteperu.com\/index.php\/wp-json\/wp\/v2\/posts"}],"about":[{"href":"https:\/\/elinformanteperu.com\/index.php\/wp-json\/wp\/v2\/types\/post"}],"author":[{"embeddable":true,"href":"https:\/\/elinformanteperu.com\/index.php\/wp-json\/wp\/v2\/users\/1"}],"replies":[{"embeddable":true,"href":"https:\/\/elinformanteperu.com\/index.php\/wp-json\/wp\/v2\/comments?post=63579"}],"version-history":[{"count":1,"href":"https:\/\/elinformanteperu.com\/index.php\/wp-json\/wp\/v2\/posts\/63579\/revisions"}],"predecessor-version":[{"id":63581,"href":"https:\/\/elinformanteperu.com\/index.php\/wp-json\/wp\/v2\/posts\/63579\/revisions\/63581"}],"wp:featuredmedia":[{"embeddable":true,"href":"https:\/\/elinformanteperu.com\/index.php\/wp-json\/wp\/v2\/media\/63580"}],"wp:attachment":[{"href":"https:\/\/elinformanteperu.com\/index.php\/wp-json\/wp\/v2\/media?parent=63579"}],"wp:term":[{"taxonomy":"category","embeddable":true,"href":"https:\/\/elinformanteperu.com\/index.php\/wp-json\/wp\/v2\/categories?post=63579"},{"taxonomy":"post_tag","embeddable":true,"href":"https:\/\/elinformanteperu.com\/index.php\/wp-json\/wp\/v2\/tags?post=63579"}],"curies":[{"name":"wp","href":"https:\/\/api.w.org\/{rel}","templated":true}]}}