{"id":63573,"date":"2020-01-22T19:30:57","date_gmt":"2020-01-23T00:30:57","guid":{"rendered":"http:\/\/elinformanteperu.com\/?p=63573"},"modified":"2020-01-22T19:30:57","modified_gmt":"2020-01-23T00:30:57","slug":"oas-procuradora-adjunta-viaja-a-brasil-para-testimonio-de-alexandre-portela","status":"publish","type":"post","link":"https:\/\/elinformanteperu.com\/index.php\/2020\/01\/22\/oas-procuradora-adjunta-viaja-a-brasil-para-testimonio-de-alexandre-portela\/","title":{"rendered":"OAS: procuradora adjunta viaja a Brasil para testimonio de Alexandre Portela"},"content":{"rendered":"<p><strong><span style=\"color: #000000;\">La procuradora adjunta para el caso Odebrecht y otras, Nory Marilyn Vega Caro participar\u00e1 en la ciudad de Salvador de Bah\u00eda (Brasil).<\/span><\/strong><\/p>\n<p><span style=\"color: #000000;\"><strong>Lima, 21 Enero 2020, (ANDINA).-<\/strong> La procuradora adjunta para el caso Odebrecht y otras, Nory Marilyn Vega Caro participar\u00e1 en la ciudad de Salvador de Bah\u00eda (Brasil) de la declaraci\u00f3n testimonial de Alexander Portela Barbosa, exejecutivo de la empresa de construcci\u00f3n OAS.<\/span><\/p>\n<p><span style=\"color: #000000;\">Seg\u00fan la resoluci\u00f3n ministerial 0014-2020-JUS, publicada en el bolet\u00edn de Normas Legales del Diario Oficial El Peruano, la funcionaria tiene permiso para permanecer en territorio brasile\u00f1o desde hoy hasta el 24 de enero, donde adem\u00e1s cumplir\u00e1 otras actividades.<\/span><\/p>\n<p><span style=\"color: #000000;\">Seg\u00fan el dispositivo, la referida declaraci\u00f3n testimonial se realizar\u00e1 ma\u00f1ana 22 de enero, habiendo sido programada por el Cuarto Despacho de la Fiscal\u00eda Supraprovincial Supraprovincial Corporativa Especializada en Delitos de Corrupci\u00f3n de Funcionarios \u2013 Equipo Especial.<\/span><\/p>\n<p><span style=\"color: #000000;\">Asimismo, en esta audiencia Alexandre Portela explicar\u00e1 sobre la divisi\u00f3n de sobornos que manejaba la empresa OAS, as\u00ed como los contratos ficticios que se generaron para obtener dinero del Estado (L\u00ednea Amarilla), en la investigaci\u00f3n seguida por delito de lavado de activos y defraudaci\u00f3n tributaria.<\/span><\/p>\n<p><span style=\"color: #000000;\">En tal sentido, la Procuradur\u00eda P\u00fablica Ad Hoc y la Secretar\u00eda T\u00e9cnica del Consejo de Defensa Jur\u00eddica del Estado, se\u00f1alan la necesidad de la participaci\u00f3n de la referida procuradora adjunta a realizarse en Brasil, \u00abtoda vez que a trav\u00e9s de ella se podr\u00e1 reforzar los argumentos de defensa del Estado y ayudar al esclarecimiento de los hechos\u00bb<\/span><\/p>\n<p><span style=\"color: #000000;\">\u00abAs\u00ed como identificar a los implicados y adoptarse las medidas para cautelar el cobro de la reparaci\u00f3n civil\u00bb, agrega.<\/span><\/p>\n<p><span style=\"color: #000000;\">La resoluci\u00f3n cuenta con la firma de la ministra de Justicia y Derechos Humanos, Ana Teresa Revilla.<\/span><\/p>\n","protected":false},"excerpt":{"rendered":"<p>La procuradora adjunta para el caso Odebrecht y otras, Nory Marilyn Vega Caro participar\u00e1 en la ciudad de Salvador de Bah\u00eda (Brasil). Lima, 21 Enero 2020, (ANDINA).- La procuradora adjunta para el caso Odebrecht y otras, Nory Marilyn Vega Caro participar\u00e1 en la ciudad de Salvador de Bah\u00eda (Brasil) de la declaraci\u00f3n testimonial de Alexander [&hellip;]<\/p>\n","protected":false},"author":1,"featured_media":51753,"comment_status":"open","ping_status":"open","sticky":false,"template":"","format":"standard","meta":{"rop_custom_images_group":[],"rop_custom_messages_group":[],"rop_publish_now":"initial","rop_publish_now_accounts":[],"rop_publish_now_history":[],"rop_publish_now_status":"pending","footnotes":""},"categories":[5],"tags":[2132,619],"class_list":["post-63573","post","type-post","status-publish","format-standard","has-post-thumbnail","hentry","category-actualidad-informativa","tag-oas","tag-odebrecht"],"_links":{"self":[{"href":"https:\/\/elinformanteperu.com\/index.php\/wp-json\/wp\/v2\/posts\/63573","targetHints":{"allow":["GET"]}}],"collection":[{"href":"https:\/\/elinformanteperu.com\/index.php\/wp-json\/wp\/v2\/posts"}],"about":[{"href":"https:\/\/elinformanteperu.com\/index.php\/wp-json\/wp\/v2\/types\/post"}],"author":[{"embeddable":true,"href":"https:\/\/elinformanteperu.com\/index.php\/wp-json\/wp\/v2\/users\/1"}],"replies":[{"embeddable":true,"href":"https:\/\/elinformanteperu.com\/index.php\/wp-json\/wp\/v2\/comments?post=63573"}],"version-history":[{"count":1,"href":"https:\/\/elinformanteperu.com\/index.php\/wp-json\/wp\/v2\/posts\/63573\/revisions"}],"predecessor-version":[{"id":63574,"href":"https:\/\/elinformanteperu.com\/index.php\/wp-json\/wp\/v2\/posts\/63573\/revisions\/63574"}],"wp:featuredmedia":[{"embeddable":true,"href":"https:\/\/elinformanteperu.com\/index.php\/wp-json\/wp\/v2\/media\/51753"}],"wp:attachment":[{"href":"https:\/\/elinformanteperu.com\/index.php\/wp-json\/wp\/v2\/media?parent=63573"}],"wp:term":[{"taxonomy":"category","embeddable":true,"href":"https:\/\/elinformanteperu.com\/index.php\/wp-json\/wp\/v2\/categories?post=63573"},{"taxonomy":"post_tag","embeddable":true,"href":"https:\/\/elinformanteperu.com\/index.php\/wp-json\/wp\/v2\/tags?post=63573"}],"curies":[{"name":"wp","href":"https:\/\/api.w.org\/{rel}","templated":true}]}}