{"id":63544,"date":"2020-01-21T20:49:45","date_gmt":"2020-01-22T01:49:45","guid":{"rendered":"http:\/\/elinformanteperu.com\/?p=63544"},"modified":"2020-01-21T20:49:45","modified_gmt":"2020-01-22T01:49:45","slug":"carlos-zambrano-en-argentina-dan-por-hecho-su-traspaso-al-boca-juniors","status":"publish","type":"post","link":"https:\/\/elinformanteperu.com\/index.php\/2020\/01\/21\/carlos-zambrano-en-argentina-dan-por-hecho-su-traspaso-al-boca-juniors\/","title":{"rendered":"Carlos Zambrano: en Argentina dan por hecho su traspaso al Boca Juniors"},"content":{"rendered":"<p><strong><span style=\"color: #000000;\">Con el pasar de los minutos la posible llegada de Carlos Zambrano al Boca Juniors comienza a acrecentar. El \u00abKaiser\u00bb seduce a los directivos xeneizes.<\/span><\/strong><\/p>\n<p><span style=\"color: #000000;\"><strong>Lima, 21 Enero 2020, (ANDINA).-<\/strong> Con el pasar de los minutos la posible llegada de Carlos Zambrano al Boca Juniors comienza a acrecentar y con ello los diversos medios especializados de ese pa\u00eds empiezan a indagar qui\u00e9n es el defensa apodado el \u00abKaiser\u00bb que seduce a los directivos xeneizes, quienes apuestan a todo por tener al jugador del Dinamo de Kiev.<\/span><\/p>\n<p><span style=\"color: #000000;\">El diario Ol\u00e9, uno de los m\u00e1s importantes de Argentina, realiza una nota y en ella titula \u00bfQui\u00e9n es el Kaiser, el central que llegar\u00eda a Boca? en aluci\u00f3n a Carlos Zambrano.<\/span><\/p>\n<p><span style=\"color: #000000;\">En el cuerpo de la nota, el periodista Joaqu\u00edn Ginesta da detalles del mentado arribo de Zambrano a la \u00abcasa amarilla\u00bb.<\/span><\/p>\n<p><span style=\"color: #000000;\">\u00abLa inminente salida de Goltz a Gimnasia hizo que la dirigencia se moviera r\u00e1pido para cubrir la defensa. Y el apuntado es Carlos Zambrano, el peruano de 30 a\u00f1os, recomendado por Gareca\u00bb, se\u00f1ala en las primeras l\u00edneas del informe.<\/span><\/p>\n<p><span style=\"color: #000000;\">Luego explica \u00abque el t\u00e9cnico Miguel \u00c1ngel Russo est\u00e1 conforme con el plantel, pero ante alguna necesidad o baja, ir\u00edan al mercado a buscar un reemplazante. Por ende, la inminente salida de Paolo Goltz al Gimnasia de Maradona y el vencimiento del pr\u00e9stamo de Junior Alonso en junio, obliga a Boca a encontrar un central que lo reemplace. Y todos los ca\u00f1ones apuntan a Carlos Zambrano, el central de la selecci\u00f3n peruana que milita en el Dinamo de Kiev de Ucrania\u00bb.<\/span><\/p>\n<p><span style=\"color: #000000;\">Reglones m\u00e1s abajo el hombre de prensa asegura de que \u00abel central de 30 a\u00f1os fue recomendado por Ricardo Gareca, quien tambi\u00e9n es parte interesada: necesita que sume rodaje para que llegue en mejores condiciones a la Copa Am\u00e9rica, ya que en estos seis meses el defensor no disput\u00f3 minutos\u00bb.<\/span><\/p>\n<p><span style=\"color: #000000;\">La nota extensa culmina con una breve biograf\u00eda del defensa peruano: \u00bfqui\u00e9n es Carlos Zambrano? El central naci\u00f3 en la ciudad Callao y ah\u00ed dio sus primeros pasos en el f\u00fatbol formando parte de la Academia Deportiva Cantolao. Sin embargo, el \u00abKaiser\u201d, como lo bautizaron en Alemania, nunca lleg\u00f3 a debutar en la Primera de su pa\u00eds; Schalke 04 se lo llev\u00f3 en el a\u00f1o 2006 para que forme parte de su cantera\u00bb aseguran<\/span><\/p>\n<p><span style=\"color: #000000;\">Hacen un comparar con Javier Madscherano, quien hoy juega en el Estudiantes de La Plata.<\/span><\/p>\n<p><span style=\"color: #000000;\">\u00abOtra particularidad es que, como en el caso de Javier Mascherano, el central de 1,87 hizo su estreno primero con la Selecci\u00f3n de Per\u00fa a los 19 a\u00f1os (26 de marzo del 2008) antes que en su club (1 de agosto del 2009). Fue un amistoso donde los incaicos derrotaron 3-1 a Costa Rica con un gol, justamente, de \u00e9l\u00bb.<\/span><\/p>\n<p><strong><span style=\"color: #000000;\">Fuente ole.com.ar<\/span><\/strong><\/p>\n<p><img fetchpriority=\"high\" decoding=\"async\" class=\"aligncenter size-full wp-image-51971\" src=\"http:\/\/elinformanteperu.com\/wp-content\/uploads\/2019\/06\/zambrano-peru-venezuela.jpg\" alt=\"\" width=\"1800\" height=\"1200\" srcset=\"https:\/\/elinformanteperu.com\/wp-content\/uploads\/2019\/06\/zambrano-peru-venezuela.jpg 1800w, https:\/\/elinformanteperu.com\/wp-content\/uploads\/2019\/06\/zambrano-peru-venezuela-300x200.jpg 300w, https:\/\/elinformanteperu.com\/wp-content\/uploads\/2019\/06\/zambrano-peru-venezuela-768x512.jpg 768w, https:\/\/elinformanteperu.com\/wp-content\/uploads\/2019\/06\/zambrano-peru-venezuela-1024x683.jpg 1024w, https:\/\/elinformanteperu.com\/wp-content\/uploads\/2019\/06\/zambrano-peru-venezuela-128x85.jpg 128w, https:\/\/elinformanteperu.com\/wp-content\/uploads\/2019\/06\/zambrano-peru-venezuela-32x21.jpg 32w\" sizes=\"(max-width: 1800px) 100vw, 1800px\" \/><\/p>\n","protected":false},"excerpt":{"rendered":"<p>Con el pasar de los minutos la posible llegada de Carlos Zambrano al Boca Juniors comienza a acrecentar. El \u00abKaiser\u00bb seduce a los directivos xeneizes. Lima, 21 Enero 2020, (ANDINA).- Con el pasar de los minutos la posible llegada de Carlos Zambrano al Boca Juniors comienza a acrecentar y con ello los diversos medios especializados [&hellip;]<\/p>\n","protected":false},"author":1,"featured_media":61693,"comment_status":"open","ping_status":"open","sticky":false,"template":"","format":"standard","meta":{"rop_custom_images_group":[],"rop_custom_messages_group":[],"rop_publish_now":"initial","rop_publish_now_accounts":[],"rop_publish_now_history":[],"rop_publish_now_status":"pending","footnotes":""},"categories":[8],"tags":[2642,1885],"class_list":["post-63544","post","type-post","status-publish","format-standard","has-post-thumbnail","hentry","category-disciplinas-deportivas","tag-boca-juniors","tag-carlos-zambrano"],"_links":{"self":[{"href":"https:\/\/elinformanteperu.com\/index.php\/wp-json\/wp\/v2\/posts\/63544","targetHints":{"allow":["GET"]}}],"collection":[{"href":"https:\/\/elinformanteperu.com\/index.php\/wp-json\/wp\/v2\/posts"}],"about":[{"href":"https:\/\/elinformanteperu.com\/index.php\/wp-json\/wp\/v2\/types\/post"}],"author":[{"embeddable":true,"href":"https:\/\/elinformanteperu.com\/index.php\/wp-json\/wp\/v2\/users\/1"}],"replies":[{"embeddable":true,"href":"https:\/\/elinformanteperu.com\/index.php\/wp-json\/wp\/v2\/comments?post=63544"}],"version-history":[{"count":1,"href":"https:\/\/elinformanteperu.com\/index.php\/wp-json\/wp\/v2\/posts\/63544\/revisions"}],"predecessor-version":[{"id":63545,"href":"https:\/\/elinformanteperu.com\/index.php\/wp-json\/wp\/v2\/posts\/63544\/revisions\/63545"}],"wp:featuredmedia":[{"embeddable":true,"href":"https:\/\/elinformanteperu.com\/index.php\/wp-json\/wp\/v2\/media\/61693"}],"wp:attachment":[{"href":"https:\/\/elinformanteperu.com\/index.php\/wp-json\/wp\/v2\/media?parent=63544"}],"wp:term":[{"taxonomy":"category","embeddable":true,"href":"https:\/\/elinformanteperu.com\/index.php\/wp-json\/wp\/v2\/categories?post=63544"},{"taxonomy":"post_tag","embeddable":true,"href":"https:\/\/elinformanteperu.com\/index.php\/wp-json\/wp\/v2\/tags?post=63544"}],"curies":[{"name":"wp","href":"https:\/\/api.w.org\/{rel}","templated":true}]}}