{"id":63541,"date":"2020-01-21T20:36:20","date_gmt":"2020-01-22T01:36:20","guid":{"rendered":"http:\/\/elinformanteperu.com\/?p=63541"},"modified":"2020-01-21T20:36:20","modified_gmt":"2020-01-22T01:36:20","slug":"la-recopa-sudamericana-2020-se-jugara-en-febrero","status":"publish","type":"post","link":"https:\/\/elinformanteperu.com\/index.php\/2020\/01\/21\/la-recopa-sudamericana-2020-se-jugara-en-febrero\/","title":{"rendered":"La Recopa sudamericana 2020 se jugar\u00e1 en febrero"},"content":{"rendered":"<p><strong><span style=\"color: #000000;\">La Recopa sudamericana 2020 entre el brasile\u00f1o Flamengo y el ecuatoriano Independiente del Valle se jugar\u00e1 el pr\u00f3ximo mes de febrero.<\/span><\/strong><\/p>\n<p><span style=\"color: #000000;\"><strong>Lima, 21 Enero 2020, (ANDINA).-<\/strong> La Recopa sudamericana 2020 entre el brasile\u00f1o Flamengo y el ecuatoriano Independiente del Valle se jugar\u00e1 el pr\u00f3ximo mes de febrero, en partidos de ida y vuelta, inform\u00f3 la Conmebol.<\/span><\/p>\n<p><span style=\"color: #000000;\">Flamengo, campe\u00f3n de la Libertadores 2019, e Independiente del Valle, monarca de la Sudamericana, se medir\u00e1n el mi\u00e9rcoles 19 de febrero en duelo de ida en el estadio Atahualpa de Quito, a 2.800 metros de altitud.<\/span><\/p>\n<p><span style=\"color: #000000;\">La revancha se disputar\u00e1 en el m\u00edtico estadio Maracan\u00e1 de Rio de Janeiro, el 26 de ese mes.<\/span><\/p>\n<p><span style=\"color: #000000;\">El argentino River Plate, ganador de la Libertadores 2018, es el actual titular de la Recopa, tras derrotar al Athletico Paranaense de Brasil.<\/span><\/p>\n<p><img fetchpriority=\"high\" decoding=\"async\" class=\"aligncenter size-full wp-image-60696\" src=\"http:\/\/elinformanteperu.com\/wp-content\/uploads\/2019\/11\/river-flamengo4.jpg\" alt=\"\" width=\"1800\" height=\"1285\" srcset=\"https:\/\/elinformanteperu.com\/wp-content\/uploads\/2019\/11\/river-flamengo4.jpg 1800w, https:\/\/elinformanteperu.com\/wp-content\/uploads\/2019\/11\/river-flamengo4-300x214.jpg 300w, https:\/\/elinformanteperu.com\/wp-content\/uploads\/2019\/11\/river-flamengo4-1024x731.jpg 1024w, https:\/\/elinformanteperu.com\/wp-content\/uploads\/2019\/11\/river-flamengo4-768x548.jpg 768w, https:\/\/elinformanteperu.com\/wp-content\/uploads\/2019\/11\/river-flamengo4-1536x1097.jpg 1536w, https:\/\/elinformanteperu.com\/wp-content\/uploads\/2019\/11\/river-flamengo4-128x91.jpg 128w, https:\/\/elinformanteperu.com\/wp-content\/uploads\/2019\/11\/river-flamengo4-32x23.jpg 32w\" sizes=\"(max-width: 1800px) 100vw, 1800px\" \/><\/p>\n","protected":false},"excerpt":{"rendered":"<p>La Recopa sudamericana 2020 entre el brasile\u00f1o Flamengo y el ecuatoriano Independiente del Valle se jugar\u00e1 el pr\u00f3ximo mes de febrero. Lima, 21 Enero 2020, (ANDINA).- La Recopa sudamericana 2020 entre el brasile\u00f1o Flamengo y el ecuatoriano Independiente del Valle se jugar\u00e1 el pr\u00f3ximo mes de febrero, en partidos de ida y vuelta, inform\u00f3 la [&hellip;]<\/p>\n","protected":false},"author":1,"featured_media":63542,"comment_status":"open","ping_status":"open","sticky":false,"template":"","format":"standard","meta":{"rop_custom_images_group":[],"rop_custom_messages_group":[],"rop_publish_now":"initial","rop_publish_now_accounts":[],"rop_publish_now_history":[],"rop_publish_now_status":"pending","footnotes":""},"categories":[8],"tags":[1304,5233],"class_list":["post-63541","post","type-post","status-publish","format-standard","has-post-thumbnail","hentry","category-disciplinas-deportivas","tag-recopa-sudamericana","tag-recopa-sudamericana-2020"],"_links":{"self":[{"href":"https:\/\/elinformanteperu.com\/index.php\/wp-json\/wp\/v2\/posts\/63541","targetHints":{"allow":["GET"]}}],"collection":[{"href":"https:\/\/elinformanteperu.com\/index.php\/wp-json\/wp\/v2\/posts"}],"about":[{"href":"https:\/\/elinformanteperu.com\/index.php\/wp-json\/wp\/v2\/types\/post"}],"author":[{"embeddable":true,"href":"https:\/\/elinformanteperu.com\/index.php\/wp-json\/wp\/v2\/users\/1"}],"replies":[{"embeddable":true,"href":"https:\/\/elinformanteperu.com\/index.php\/wp-json\/wp\/v2\/comments?post=63541"}],"version-history":[{"count":1,"href":"https:\/\/elinformanteperu.com\/index.php\/wp-json\/wp\/v2\/posts\/63541\/revisions"}],"predecessor-version":[{"id":63543,"href":"https:\/\/elinformanteperu.com\/index.php\/wp-json\/wp\/v2\/posts\/63541\/revisions\/63543"}],"wp:featuredmedia":[{"embeddable":true,"href":"https:\/\/elinformanteperu.com\/index.php\/wp-json\/wp\/v2\/media\/63542"}],"wp:attachment":[{"href":"https:\/\/elinformanteperu.com\/index.php\/wp-json\/wp\/v2\/media?parent=63541"}],"wp:term":[{"taxonomy":"category","embeddable":true,"href":"https:\/\/elinformanteperu.com\/index.php\/wp-json\/wp\/v2\/categories?post=63541"},{"taxonomy":"post_tag","embeddable":true,"href":"https:\/\/elinformanteperu.com\/index.php\/wp-json\/wp\/v2\/tags?post=63541"}],"curies":[{"name":"wp","href":"https:\/\/api.w.org\/{rel}","templated":true}]}}