{"id":63532,"date":"2020-01-21T20:08:37","date_gmt":"2020-01-22T01:08:37","guid":{"rendered":"http:\/\/elinformanteperu.com\/?p=63532"},"modified":"2020-01-21T20:08:37","modified_gmt":"2020-01-22T01:08:37","slug":"el-peruano-wilder-cartagena-ficha-por-el-godoy-cruz","status":"publish","type":"post","link":"https:\/\/elinformanteperu.com\/index.php\/2020\/01\/21\/el-peruano-wilder-cartagena-ficha-por-el-godoy-cruz\/","title":{"rendered":"El peruano Wilder Cartagena ficha por el Godoy Cruz"},"content":{"rendered":"<p><strong><span style=\"color: #000000;\">El mediocampista peruano Wilder Cartagena, de 25 a\u00f1os, firm\u00f3 por una temporada con el Godoy Cruz, anunci\u00f3 el club de la primera divisi\u00f3n argentina.<\/span><\/strong><\/p>\n<p><span style=\"color: #000000;\"><strong>Lima, 21 Enero 2020, (ANDINA).-<\/strong> El mediocampista peruano Wilder Cartagena, de 25 a\u00f1os, firm\u00f3 por una temporada con el Godoy Cruz, anunci\u00f3 el club de la primera divisi\u00f3n argentina.<\/span><\/p>\n<p><span style=\"color: #000000;\">Cartagena, mundialista en Rusia 2018 con la selecci\u00f3n peruana, cumplir\u00e1 su tercera experiencia internacional tras jugar en el Vitoria Setubal de Portugal en 2014, y defender la camiseta del Tiburones Rojos de M\u00e9xico en 2018.<\/span><\/p>\n<p><span style=\"color: #000000;\">El futbolista natural de Ica debut\u00f3 profesionalmente con Alianza Lima el 18 de febrero del 2012 ante Le\u00f3n de Hu\u00e1nuco. A nivel dom\u00e9stico tambi\u00e9n jug\u00f3 en la Universidad San Mart\u00edn de Porres en 2015 y, adem\u00e1s, tuvo un segundo periplo en tienda blanquiazul durante el 2019.<\/span><\/p>\n<p><span style=\"color: #000000;\">El Godoy Cruz que juega de local en la provincia de Mendoza le dio la bienvenida en sus redes sociales y se calific\u00f3, adem\u00e1s, como el \u00fanico equipo grande de Argentina.<\/span><\/p>\n<p><img fetchpriority=\"high\" decoding=\"async\" class=\"aligncenter size-full wp-image-40835\" src=\"http:\/\/elinformanteperu.com\/wp-content\/uploads\/2019\/01\/wilder-cartagena.jpg\" alt=\"\" width=\"1800\" height=\"1391\" srcset=\"https:\/\/elinformanteperu.com\/wp-content\/uploads\/2019\/01\/wilder-cartagena.jpg 1800w, https:\/\/elinformanteperu.com\/wp-content\/uploads\/2019\/01\/wilder-cartagena-300x232.jpg 300w, https:\/\/elinformanteperu.com\/wp-content\/uploads\/2019\/01\/wilder-cartagena-768x593.jpg 768w, https:\/\/elinformanteperu.com\/wp-content\/uploads\/2019\/01\/wilder-cartagena-1024x791.jpg 1024w, https:\/\/elinformanteperu.com\/wp-content\/uploads\/2019\/01\/wilder-cartagena-128x99.jpg 128w, https:\/\/elinformanteperu.com\/wp-content\/uploads\/2019\/01\/wilder-cartagena-32x25.jpg 32w\" sizes=\"(max-width: 1800px) 100vw, 1800px\" \/><\/p>\n","protected":false},"excerpt":{"rendered":"<p>El mediocampista peruano Wilder Cartagena, de 25 a\u00f1os, firm\u00f3 por una temporada con el Godoy Cruz, anunci\u00f3 el club de la primera divisi\u00f3n argentina. Lima, 21 Enero 2020, (ANDINA).- El mediocampista peruano Wilder Cartagena, de 25 a\u00f1os, firm\u00f3 por una temporada con el Godoy Cruz, anunci\u00f3 el club de la primera divisi\u00f3n argentina. Cartagena, mundialista [&hellip;]<\/p>\n","protected":false},"author":1,"featured_media":63533,"comment_status":"open","ping_status":"open","sticky":false,"template":"","format":"standard","meta":{"rop_custom_images_group":[],"rop_custom_messages_group":[],"rop_publish_now":"initial","rop_publish_now_accounts":[],"rop_publish_now_history":[],"rop_publish_now_status":"pending","footnotes":""},"categories":[8],"tags":[4278,4010],"class_list":["post-63532","post","type-post","status-publish","format-standard","has-post-thumbnail","hentry","category-disciplinas-deportivas","tag-godoy-cruz","tag-wilder-cartagena"],"_links":{"self":[{"href":"https:\/\/elinformanteperu.com\/index.php\/wp-json\/wp\/v2\/posts\/63532","targetHints":{"allow":["GET"]}}],"collection":[{"href":"https:\/\/elinformanteperu.com\/index.php\/wp-json\/wp\/v2\/posts"}],"about":[{"href":"https:\/\/elinformanteperu.com\/index.php\/wp-json\/wp\/v2\/types\/post"}],"author":[{"embeddable":true,"href":"https:\/\/elinformanteperu.com\/index.php\/wp-json\/wp\/v2\/users\/1"}],"replies":[{"embeddable":true,"href":"https:\/\/elinformanteperu.com\/index.php\/wp-json\/wp\/v2\/comments?post=63532"}],"version-history":[{"count":1,"href":"https:\/\/elinformanteperu.com\/index.php\/wp-json\/wp\/v2\/posts\/63532\/revisions"}],"predecessor-version":[{"id":63534,"href":"https:\/\/elinformanteperu.com\/index.php\/wp-json\/wp\/v2\/posts\/63532\/revisions\/63534"}],"wp:featuredmedia":[{"embeddable":true,"href":"https:\/\/elinformanteperu.com\/index.php\/wp-json\/wp\/v2\/media\/63533"}],"wp:attachment":[{"href":"https:\/\/elinformanteperu.com\/index.php\/wp-json\/wp\/v2\/media?parent=63532"}],"wp:term":[{"taxonomy":"category","embeddable":true,"href":"https:\/\/elinformanteperu.com\/index.php\/wp-json\/wp\/v2\/categories?post=63532"},{"taxonomy":"post_tag","embeddable":true,"href":"https:\/\/elinformanteperu.com\/index.php\/wp-json\/wp\/v2\/tags?post=63532"}],"curies":[{"name":"wp","href":"https:\/\/api.w.org\/{rel}","templated":true}]}}