{"id":63521,"date":"2020-01-21T00:31:11","date_gmt":"2020-01-21T05:31:11","guid":{"rendered":"http:\/\/elinformanteperu.com\/?p=63521"},"modified":"2020-01-21T00:39:02","modified_gmt":"2020-01-21T05:39:02","slug":"guillermo-thornberry-juro-como-septimo-integrante-de-la-junta-nacional-de-justicia","status":"publish","type":"post","link":"https:\/\/elinformanteperu.com\/index.php\/2020\/01\/21\/guillermo-thornberry-juro-como-septimo-integrante-de-la-junta-nacional-de-justicia\/","title":{"rendered":"Guillermo Thornberry jur\u00f3 como s\u00e9ptimo integrante de la Junta Nacional de Justicia"},"content":{"rendered":"<p><strong><span style=\"color: #000000;\">El abogado Guillermo Thornberry Villar\u00e1n jur\u00f3 como s\u00e9ptimo integrante titular de la Junta Nacional de Justicia (JNJ).<\/span><\/strong><\/p>\n<p><span style=\"color: #000000;\"><strong>Lima, 20 Enero 2020, (ANDINA).-<\/strong> El abogado Guillermo Thornberry Villar\u00e1n jur\u00f3 como s\u00e9ptimo integrante titular de la Junta Nacional de Justicia (JNJ).<\/span><\/p>\n<p><span style=\"color: #000000;\">La ceremonia, a cargo de la comisi\u00f3n especial encargada de la selecci\u00f3n de la JNJ, se llev\u00f3 a cabo en la sede de la Defensor\u00eda del Pueblo.<\/span><\/p>\n<p><span style=\"color: #000000;\">La designaci\u00f3n de Thornberry se dio a conocer el \u00faltimo jueves luego de que la comisi\u00f3n especial dej\u00f3 sin efecto la bonificaci\u00f3n otorgada al puntaje del abogado Marco Falcon\u00ed.<\/span><\/p>\n<p><span style=\"color: #000000;\">Con ello, se modific\u00f3 el cuadro de m\u00e9ritos elaborado por la comisi\u00f3n especial y Thornberry pas\u00f3 a ser miembro titular de la JNJ y Falcon\u00ed qued\u00f3 como miembro suplente.<\/span><\/p>\n<p><span style=\"color: #000000;\">El \u00faltimo s\u00e1bado, fue publicada la Resoluci\u00f3n 003-2020-CE con el nombramiento de Thornberry en el bolet\u00edn de Normas Legales del Diario Oficial El Peruano.<\/span><\/p>\n<p><span style=\"color: #000000;\">La norma se\u00f1ala que el abogado ocup\u00f3 el puesto 7 del concurso p\u00fablico organizado para la elecci\u00f3n de los integrantes de la JNJ con un puntaje de 80.40.<\/span><\/p>\n<p><iframe title=\"Guillermo Thornberry jura como miembro titular de la Junta Nacional de Justicia\" width=\"615\" height=\"346\" src=\"https:\/\/www.youtube.com\/embed\/bmeCQl7uLAA?feature=oembed\" frameborder=\"0\" allow=\"accelerometer; autoplay; clipboard-write; encrypted-media; gyroscope; picture-in-picture; web-share\" referrerpolicy=\"strict-origin-when-cross-origin\" allowfullscreen><\/iframe><\/p>\n","protected":false},"excerpt":{"rendered":"<p>El abogado Guillermo Thornberry Villar\u00e1n jur\u00f3 como s\u00e9ptimo integrante titular de la Junta Nacional de Justicia (JNJ). Lima, 20 Enero 2020, (ANDINA).- El abogado Guillermo Thornberry Villar\u00e1n jur\u00f3 como s\u00e9ptimo integrante titular de la Junta Nacional de Justicia (JNJ). La ceremonia, a cargo de la comisi\u00f3n especial encargada de la selecci\u00f3n de la JNJ, se [&hellip;]<\/p>\n","protected":false},"author":1,"featured_media":63522,"comment_status":"open","ping_status":"open","sticky":false,"template":"","format":"standard","meta":{"rop_custom_images_group":[],"rop_custom_messages_group":[],"rop_publish_now":"initial","rop_publish_now_accounts":[],"rop_publish_now_history":[],"rop_publish_now_status":"pending","footnotes":""},"categories":[5],"tags":[5231,3693,3573],"class_list":["post-63521","post","type-post","status-publish","format-standard","has-post-thumbnail","hentry","category-actualidad-informativa","tag-guillermo-thornberry","tag-jnj","tag-junta-nacional-de-justicia"],"_links":{"self":[{"href":"https:\/\/elinformanteperu.com\/index.php\/wp-json\/wp\/v2\/posts\/63521","targetHints":{"allow":["GET"]}}],"collection":[{"href":"https:\/\/elinformanteperu.com\/index.php\/wp-json\/wp\/v2\/posts"}],"about":[{"href":"https:\/\/elinformanteperu.com\/index.php\/wp-json\/wp\/v2\/types\/post"}],"author":[{"embeddable":true,"href":"https:\/\/elinformanteperu.com\/index.php\/wp-json\/wp\/v2\/users\/1"}],"replies":[{"embeddable":true,"href":"https:\/\/elinformanteperu.com\/index.php\/wp-json\/wp\/v2\/comments?post=63521"}],"version-history":[{"count":2,"href":"https:\/\/elinformanteperu.com\/index.php\/wp-json\/wp\/v2\/posts\/63521\/revisions"}],"predecessor-version":[{"id":63529,"href":"https:\/\/elinformanteperu.com\/index.php\/wp-json\/wp\/v2\/posts\/63521\/revisions\/63529"}],"wp:featuredmedia":[{"embeddable":true,"href":"https:\/\/elinformanteperu.com\/index.php\/wp-json\/wp\/v2\/media\/63522"}],"wp:attachment":[{"href":"https:\/\/elinformanteperu.com\/index.php\/wp-json\/wp\/v2\/media?parent=63521"}],"wp:term":[{"taxonomy":"category","embeddable":true,"href":"https:\/\/elinformanteperu.com\/index.php\/wp-json\/wp\/v2\/categories?post=63521"},{"taxonomy":"post_tag","embeddable":true,"href":"https:\/\/elinformanteperu.com\/index.php\/wp-json\/wp\/v2\/tags?post=63521"}],"curies":[{"name":"wp","href":"https:\/\/api.w.org\/{rel}","templated":true}]}}