{"id":63509,"date":"2020-01-20T23:54:17","date_gmt":"2020-01-21T04:54:17","guid":{"rendered":"http:\/\/elinformanteperu.com\/?p=63509"},"modified":"2020-01-20T23:54:17","modified_gmt":"2020-01-21T04:54:17","slug":"carmen-de-la-legua-reynoso-ya-cuenta-con-un-centro-de-salud-mental-comunitario","status":"publish","type":"post","link":"https:\/\/elinformanteperu.com\/index.php\/2020\/01\/20\/carmen-de-la-legua-reynoso-ya-cuenta-con-un-centro-de-salud-mental-comunitario\/","title":{"rendered":"Carmen de la Legua Reynoso ya cuenta con un centro de salud mental comunitario"},"content":{"rendered":"<p><strong><span style=\"color: #000000;\">La ministra de Salud, Elizabeth Hinostroza Pereyra, inaugur\u00f3 un nuevo centro de salud mental comunitario en el distrito de Carmen de la Legua Reynoso.<\/span><\/strong><\/p>\n<p><span style=\"color: #000000;\"><strong>Lima, 20 Enero 2020, (ANDINA).-<\/strong> La ministra de Salud, Elizabeth Hinostroza Pereyra, inaugur\u00f3 un nuevo centro de salud mental comunitario en el distrito de Carmen de la Legua Reynoso, el quinto de estos establecimientos especializados en la Provincia Constitucional del Calla, el mismo que brindar\u00e1 atenci\u00f3n oportuna y contribuir\u00e1 a mejorar la calidad de vida de las personas que padecen trastornos mentales o problemas psicosociales en esta zona donde habitan m\u00e1s de 40 mil personas.<\/span><\/p>\n<p><span style=\"color: #000000;\">\u201cPonemos a disposici\u00f3n de todos los chalacos este establecimiento que atender\u00e1 los problemas de salud mental de la poblaci\u00f3n, aspecto de gran importancia para el desarrollo social de nuestro pa\u00eds\u00bb, se\u00f1al\u00f3 la ministra<\/span><\/p>\n<p><span style=\"color: #000000;\">La ceremonia protocolar cont\u00f3 con la presencia del gobernador regional del Callao, Dante Mandriotti Castro, el alcalde distrital de Carmen de la Legua Reynoso, Carlos Cox, la directora regional de salud del Callao, Kathey Pacheco Vargas, y otras importantes autoridades locales y regionales.<\/span><\/p>\n<p><span style=\"color: #000000;\">El CSMC de Carmen de la Legua Reynoso se encuentra ubicado en un local de la municipalidad distrital, cedido gracias a las gestiones realizadas entre el gobierno local y la coordinaci\u00f3n de Salud Mental y Cultura de Paz de la Direcci\u00f3n Regional de Salud del Callao.<\/span><\/p>\n<p><strong><span style=\"color: #000000;\">Inversi\u00f3n<\/span><\/strong><\/p>\n<p><span style=\"color: #000000;\">Este establecimiento requiri\u00f3 una inversi\u00f3n de alrededor de un mill\u00f3n de soles y estar\u00e1 a disposici\u00f3n no solo de los habitantes de Carmen de la Legua Reynoso sino tambi\u00e9n de distritos aleda\u00f1os. <\/span><\/p>\n<p><span style=\"color: #000000;\">Entre los problemas de salud mental m\u00e1s comunes tratados por los centros de salud mental comunitaria se encuentran la depresi\u00f3n, ansiedad y otros trastornos psicosociales. Asimismo, forman parte de la estrategia de prevenci\u00f3n y tratamiento de violencia familiar y contra la mujer. <\/span><\/p>\n<p><span style=\"color: #000000;\">\u00abMuchas conductas violentas pueden evitarse si se toma conciencia que el estr\u00e9s, la ansiedad pueden solucionarse con la ayuda profesional necesaria. Debemos romper con el estigma que existe relacionada a tratarse con un psic\u00f3logo\u00bb, afirm\u00f3 la ministra.<\/span><\/p>\n<p><strong><span style=\"color: #000000;\">Equipo<\/span><\/strong><\/p>\n<p><span style=\"color: #000000;\">Vale la pena destacar que el CSMC de Carmen de la Legua Reynoso cuenta con un equipo de m\u00e1s de 20 personas, que incluyen psic\u00f3logos, psiquiatra, enfermeros, m\u00e9dico de familia, terapeuta de lenguaje, terapeuta ocupacional, trabajador social, qu\u00edmico farmac\u00e9utico y personal administrativo y de servicios. <\/span><\/p>\n<p><span style=\"color: #000000;\">Con esta inauguraci\u00f3n ya suman m\u00e1s de 150 centros de salud mental comunitaria en funcionamiento en todo el pa\u00eds, a los que se sumar\u00e1n 50 nuevos hasta fin de a\u00f1o.<\/span><\/p>\n","protected":false},"excerpt":{"rendered":"<p>La ministra de Salud, Elizabeth Hinostroza Pereyra, inaugur\u00f3 un nuevo centro de salud mental comunitario en el distrito de Carmen de la Legua Reynoso. Lima, 20 Enero 2020, (ANDINA).- La ministra de Salud, Elizabeth Hinostroza Pereyra, inaugur\u00f3 un nuevo centro de salud mental comunitario en el distrito de Carmen de la Legua Reynoso, el quinto [&hellip;]<\/p>\n","protected":false},"author":1,"featured_media":63510,"comment_status":"open","ping_status":"open","sticky":false,"template":"","format":"standard","meta":{"rop_custom_images_group":[],"rop_custom_messages_group":[],"rop_publish_now":"initial","rop_publish_now_accounts":[],"rop_publish_now_history":[],"rop_publish_now_status":"pending","footnotes":""},"categories":[10],"tags":[5230,5171,388,431],"class_list":["post-63509","post","type-post","status-publish","format-standard","has-post-thumbnail","hentry","category-actualidad-municipal","tag-carmen-de-la-legua-reynoso","tag-elizabeth-hinostroza","tag-ministerio-de-salud","tag-minsa"],"_links":{"self":[{"href":"https:\/\/elinformanteperu.com\/index.php\/wp-json\/wp\/v2\/posts\/63509","targetHints":{"allow":["GET"]}}],"collection":[{"href":"https:\/\/elinformanteperu.com\/index.php\/wp-json\/wp\/v2\/posts"}],"about":[{"href":"https:\/\/elinformanteperu.com\/index.php\/wp-json\/wp\/v2\/types\/post"}],"author":[{"embeddable":true,"href":"https:\/\/elinformanteperu.com\/index.php\/wp-json\/wp\/v2\/users\/1"}],"replies":[{"embeddable":true,"href":"https:\/\/elinformanteperu.com\/index.php\/wp-json\/wp\/v2\/comments?post=63509"}],"version-history":[{"count":1,"href":"https:\/\/elinformanteperu.com\/index.php\/wp-json\/wp\/v2\/posts\/63509\/revisions"}],"predecessor-version":[{"id":63511,"href":"https:\/\/elinformanteperu.com\/index.php\/wp-json\/wp\/v2\/posts\/63509\/revisions\/63511"}],"wp:featuredmedia":[{"embeddable":true,"href":"https:\/\/elinformanteperu.com\/index.php\/wp-json\/wp\/v2\/media\/63510"}],"wp:attachment":[{"href":"https:\/\/elinformanteperu.com\/index.php\/wp-json\/wp\/v2\/media?parent=63509"}],"wp:term":[{"taxonomy":"category","embeddable":true,"href":"https:\/\/elinformanteperu.com\/index.php\/wp-json\/wp\/v2\/categories?post=63509"},{"taxonomy":"post_tag","embeddable":true,"href":"https:\/\/elinformanteperu.com\/index.php\/wp-json\/wp\/v2\/tags?post=63509"}],"curies":[{"name":"wp","href":"https:\/\/api.w.org\/{rel}","templated":true}]}}