{"id":63143,"date":"2020-01-12T09:36:34","date_gmt":"2020-01-12T14:36:34","guid":{"rendered":"http:\/\/elinformanteperu.com\/?p=63143"},"modified":"2020-01-12T09:36:34","modified_gmt":"2020-01-12T14:36:34","slug":"keiko-fujimori-audiencia-de-prision-preventiva-continuara-el-martes-14-de-enero","status":"publish","type":"post","link":"https:\/\/elinformanteperu.com\/index.php\/2020\/01\/12\/keiko-fujimori-audiencia-de-prision-preventiva-continuara-el-martes-14-de-enero\/","title":{"rendered":"Keiko Fujimori: audiencia de prisi\u00f3n preventiva continuar\u00e1 el martes 14 de enero"},"content":{"rendered":"<p><strong><span style=\"color: #000000;\">La audiencia en la que se eval\u00faa la prisi\u00f3n preventiva contra la lideresa de Fuerza Popular, Keiko Fujimori Higuchi, continuar\u00e1 el pr\u00f3ximo martes 14 de enero.<\/span><\/strong><\/p>\n<p><span style=\"color: #000000;\"><strong>Lima, 11 Enero 2020, (ANDINA).-<\/strong> La audiencia en la que se eval\u00faa la prisi\u00f3n preventiva contra la lideresa de Fuerza Popular, Keiko Fujimori Higuchi, continuar\u00e1 el pr\u00f3ximo martes 14 de enero, seg\u00fan anunci\u00f3 el titular del Cuarto Juzgado de Investigaci\u00f3n Preparatoria del Poder Judicial, V\u00edctor Z\u00fa\u00f1iga Urday.<\/span><\/p>\n<p><span style=\"color: #000000;\">La diligencia de este viernes se inici\u00f3 desde las 17:00 horas y tuvo una duraci\u00f3n de poco m\u00e1s de tres horas, tiempo en el que el fiscal del equipo especial Lava Jato, Jos\u00e9 Domingo P\u00e9rez, expuso el tercer presupuesto procesal del caso contra Fujimori Higuchi.<\/span><\/p>\n<p><span style=\"color: #000000;\">En ese sentido, sostuvo que el efecto de la resoluci\u00f3n emitida por el Tribunal Constitucional (TC), que determin\u00f3 la salida de prisi\u00f3n de la hija de Alberto Fujimori, \u00abjustifica el requerimiento de prisi\u00f3n preventiva\u00bb por lo que la decisi\u00f3n que el juez debe dar \u00abtendr\u00e1 que ser debidamente motivada\u00bb.<\/span><\/p>\n<p><span style=\"color: #000000;\">Asimismo, P\u00e9rez G\u00f3mez se\u00f1al\u00f3 que los ingresos acreditados por Keiko Fujimori como presidenta de Fuerza Popular, \u00abno son ciertos y que, por esta raz\u00f3n, no evidenciar\u00eda arraigo\u00bb.<\/span><\/p>\n<p><span style=\"color: #000000;\">En otro momento, explic\u00f3 que en su calidad de lideresa de una agrupaci\u00f3n pol\u00edtica, dispuso que ante la Oficina Nacional de Procesos Electorales (ONPE) se declare falsos aportantes y no \u00ablos millones de d\u00f3lares que recib\u00eda\u00bb.<\/span><\/p>\n<p><strong><span style=\"color: #000000;\">Giulliana Loza<\/span><\/strong><\/p>\n<p><span style=\"color: #000000;\">Al t\u00e9rmino de la audiencia, Giulliana Loza, abogada de Keiko Fujimori, consider\u00f3 que la tesis fiscal demuestra \u00abuna desesperaci\u00f3n\u00bb por parte de Jos\u00e9 Domingo P\u00e9rez, al solicitar la prisi\u00f3n preventiva de su defendida.<\/span><\/p>\n<p><span style=\"color: #000000;\">\u00abNo ha presentado ninguna prueba, no ha sustentando debidamente el posible delito de lavado de activos y eso es lamentable\u00bb, precis\u00f3.<\/span><\/p>\n<p><span style=\"color: #000000;\">Dijo que, por esta raz\u00f3n, est\u00e1 tranquila porque el Ministerio P\u00fablico no termina \u00abde aterrizar el caso\u00bb luego de m\u00e1s de 20 horas de exposici\u00f3n.<\/span><\/p>\n","protected":false},"excerpt":{"rendered":"<p>La audiencia en la que se eval\u00faa la prisi\u00f3n preventiva contra la lideresa de Fuerza Popular, Keiko Fujimori Higuchi, continuar\u00e1 el pr\u00f3ximo martes 14 de enero. Lima, 11 Enero 2020, (ANDINA).- La audiencia en la que se eval\u00faa la prisi\u00f3n preventiva contra la lideresa de Fuerza Popular, Keiko Fujimori Higuchi, continuar\u00e1 el pr\u00f3ximo martes 14 [&hellip;]<\/p>\n","protected":false},"author":1,"featured_media":63144,"comment_status":"open","ping_status":"open","sticky":false,"template":"","format":"standard","meta":{"rop_custom_images_group":[],"rop_custom_messages_group":[],"rop_publish_now":"initial","rop_publish_now_accounts":[],"rop_publish_now_history":[],"rop_publish_now_status":"pending","footnotes":""},"categories":[5],"tags":[3716,2568,557],"class_list":["post-63143","post","type-post","status-publish","format-standard","has-post-thumbnail","hentry","category-actualidad-informativa","tag-giulliana-loza","tag-jose-domingo-perez","tag-keiko-fujimori"],"_links":{"self":[{"href":"https:\/\/elinformanteperu.com\/index.php\/wp-json\/wp\/v2\/posts\/63143","targetHints":{"allow":["GET"]}}],"collection":[{"href":"https:\/\/elinformanteperu.com\/index.php\/wp-json\/wp\/v2\/posts"}],"about":[{"href":"https:\/\/elinformanteperu.com\/index.php\/wp-json\/wp\/v2\/types\/post"}],"author":[{"embeddable":true,"href":"https:\/\/elinformanteperu.com\/index.php\/wp-json\/wp\/v2\/users\/1"}],"replies":[{"embeddable":true,"href":"https:\/\/elinformanteperu.com\/index.php\/wp-json\/wp\/v2\/comments?post=63143"}],"version-history":[{"count":1,"href":"https:\/\/elinformanteperu.com\/index.php\/wp-json\/wp\/v2\/posts\/63143\/revisions"}],"predecessor-version":[{"id":63145,"href":"https:\/\/elinformanteperu.com\/index.php\/wp-json\/wp\/v2\/posts\/63143\/revisions\/63145"}],"wp:featuredmedia":[{"embeddable":true,"href":"https:\/\/elinformanteperu.com\/index.php\/wp-json\/wp\/v2\/media\/63144"}],"wp:attachment":[{"href":"https:\/\/elinformanteperu.com\/index.php\/wp-json\/wp\/v2\/media?parent=63143"}],"wp:term":[{"taxonomy":"category","embeddable":true,"href":"https:\/\/elinformanteperu.com\/index.php\/wp-json\/wp\/v2\/categories?post=63143"},{"taxonomy":"post_tag","embeddable":true,"href":"https:\/\/elinformanteperu.com\/index.php\/wp-json\/wp\/v2\/tags?post=63143"}],"curies":[{"name":"wp","href":"https:\/\/api.w.org\/{rel}","templated":true}]}}