{"id":63134,"date":"2020-01-12T09:27:56","date_gmt":"2020-01-12T14:27:56","guid":{"rendered":"http:\/\/elinformanteperu.com\/?p=63134"},"modified":"2020-01-12T09:27:56","modified_gmt":"2020-01-12T14:27:56","slug":"pablo-macera-universidad-san-marcos-despide-a-su-hijo-ilustre","status":"publish","type":"post","link":"https:\/\/elinformanteperu.com\/index.php\/2020\/01\/12\/pablo-macera-universidad-san-marcos-despide-a-su-hijo-ilustre\/","title":{"rendered":"Pablo Macera: Universidad San Marcos despide a su hijo ilustre"},"content":{"rendered":"<p><strong><span style=\"color: #000000;\">La Universidad Nacional Mayor de San Marcos despidi\u00f3 al reconocido historiador peruano, Pablo Macera, que dedic\u00f3 su vida a la investigaci\u00f3n y a la historia peruana.<\/span><\/strong><\/p>\n<p><span style=\"color: #000000;\"><strong>Lima, 11 Enero 2020, (ANDINA).-<\/strong> La Universidad Nacional Mayor de San Marcos (UNMSM) despidi\u00f3 en el Centro Cultural de la Decana de Am\u00e9rica, al reconocido historiador peruano, Pablo Macera, que dedic\u00f3 su vida a la investigaci\u00f3n y al descubrimiento de la historia peruana, y quien muri\u00f3 ayer jueves 9 de enero a la edad de 90 a\u00f1os.<\/span><\/p>\n<p><span style=\"color: #000000;\">Macera dej\u00f3 un vasto legado bibliogr\u00e1fico, donando a la Biblioteca Nacional de Per\u00fa m\u00e1s 34 mil publicaciones de su biblioteca personal, detall\u00f3 la Biblioteca Nacional del Per\u00fa en Twitter.<\/span><\/p>\n<p><span style=\"color: #000000;\">Asimismo, un archivo de m\u00e1s de mil manuscritos de la \u00e9poca virreinal y la Guerra con Chile.<\/span><\/p>\n<p><span style=\"color: #000000;\">\u00abHa fallecido el historiador de la generaci\u00f3n de los 50, el rebelde, innovador, impredecible e inteligente. Enjuici\u00f3 duramente nuestra historia republicana y la dej\u00f3 de lado para estudiar el Per\u00fa ind\u00edgena\u00bb, escribi\u00f3 en Twitter el historiador Manuel Burga.<\/span><\/p>\n<p><span style=\"color: #000000;\">Macera naci\u00f3 en el a\u00f1o 1929, en la localidad de Huacho, al norte de la capital peruana. Durante su infancia estudi\u00f3 en el colegio La Salle y fue all\u00ed donde cultiv\u00f3 su pasi\u00f3n por la historia.<\/span><\/p>\n<p><span style=\"color: #000000;\">Muy joven ingres\u00f3 a la Universidad Nacional Mayor de San Marcos para estudiar Letras y Derecho. All\u00ed se desempe\u00f1\u00f3 con docente principal y profesor em\u00e9rito. Dirigi\u00f3 adem\u00e1s por varias d\u00e9cadas el Instituto de Estudio de Historia Rural Andina.<\/span><\/p>\n<p><span style=\"color: #000000;\">Fue elegido congresista en el 2000 por el partido del encarcelado expresidente Alberto Fujimori.<\/span><\/p>\n","protected":false},"excerpt":{"rendered":"<p>La Universidad Nacional Mayor de San Marcos despidi\u00f3 al reconocido historiador peruano, Pablo Macera, que dedic\u00f3 su vida a la investigaci\u00f3n y a la historia peruana. Lima, 11 Enero 2020, (ANDINA).- La Universidad Nacional Mayor de San Marcos (UNMSM) despidi\u00f3 en el Centro Cultural de la Decana de Am\u00e9rica, al reconocido historiador peruano, Pablo Macera, [&hellip;]<\/p>\n","protected":false},"author":1,"featured_media":63135,"comment_status":"open","ping_status":"open","sticky":false,"template":"","format":"standard","meta":{"rop_custom_images_group":[],"rop_custom_messages_group":[],"rop_publish_now":"initial","rop_publish_now_accounts":[],"rop_publish_now_history":[],"rop_publish_now_status":"pending","footnotes":""},"categories":[5],"tags":[5195,2407],"class_list":["post-63134","post","type-post","status-publish","format-standard","has-post-thumbnail","hentry","category-actualidad-informativa","tag-pablo-macera","tag-universidad-nacional-mayor-de-san-marcos"],"_links":{"self":[{"href":"https:\/\/elinformanteperu.com\/index.php\/wp-json\/wp\/v2\/posts\/63134","targetHints":{"allow":["GET"]}}],"collection":[{"href":"https:\/\/elinformanteperu.com\/index.php\/wp-json\/wp\/v2\/posts"}],"about":[{"href":"https:\/\/elinformanteperu.com\/index.php\/wp-json\/wp\/v2\/types\/post"}],"author":[{"embeddable":true,"href":"https:\/\/elinformanteperu.com\/index.php\/wp-json\/wp\/v2\/users\/1"}],"replies":[{"embeddable":true,"href":"https:\/\/elinformanteperu.com\/index.php\/wp-json\/wp\/v2\/comments?post=63134"}],"version-history":[{"count":1,"href":"https:\/\/elinformanteperu.com\/index.php\/wp-json\/wp\/v2\/posts\/63134\/revisions"}],"predecessor-version":[{"id":63136,"href":"https:\/\/elinformanteperu.com\/index.php\/wp-json\/wp\/v2\/posts\/63134\/revisions\/63136"}],"wp:featuredmedia":[{"embeddable":true,"href":"https:\/\/elinformanteperu.com\/index.php\/wp-json\/wp\/v2\/media\/63135"}],"wp:attachment":[{"href":"https:\/\/elinformanteperu.com\/index.php\/wp-json\/wp\/v2\/media?parent=63134"}],"wp:term":[{"taxonomy":"category","embeddable":true,"href":"https:\/\/elinformanteperu.com\/index.php\/wp-json\/wp\/v2\/categories?post=63134"},{"taxonomy":"post_tag","embeddable":true,"href":"https:\/\/elinformanteperu.com\/index.php\/wp-json\/wp\/v2\/tags?post=63134"}],"curies":[{"name":"wp","href":"https:\/\/api.w.org\/{rel}","templated":true}]}}