{"id":63127,"date":"2020-01-12T09:18:59","date_gmt":"2020-01-12T14:18:59","guid":{"rendered":"http:\/\/elinformanteperu.com\/?p=63127"},"modified":"2020-01-12T09:18:59","modified_gmt":"2020-01-12T14:18:59","slug":"elecciones-2020-capacitan-a-personeros-en-uso-del-voto-electronico","status":"publish","type":"post","link":"https:\/\/elinformanteperu.com\/index.php\/2020\/01\/12\/elecciones-2020-capacitan-a-personeros-en-uso-del-voto-electronico\/","title":{"rendered":"Elecciones 2020: capacitan a personeros en uso del voto electr\u00f3nico"},"content":{"rendered":"<p><strong><span style=\"color: #000000;\">La ONPE realiz\u00f3 una capacitaci\u00f3n dirigida a los personeros de las agrupaciones pol\u00edticas sobre el uso del Voto Electr\u00f3nico Presencial.<\/span><\/strong><\/p>\n<p><span style=\"color: #000000;\"><strong>Lima, 11 Enero 2020, (ANDINA).-<\/strong> La Oficina Nacional de Proceso Electorales (ONPE) realiz\u00f3 una capacitaci\u00f3n dirigida a los personeros de las agrupaciones pol\u00edticas sobre el uso del Voto Electr\u00f3nico Presencial (VEP) que se utilizar\u00e1 en las elecciones del pr\u00f3ximo 26 de enero de 2020.<\/span><\/p>\n<p><span style=\"color: #000000;\">Como se recuerda, el ente electoral precis\u00f3 que en las elecciones congresales extraordinarias este tipo de voto ser\u00e1 aplicado en 39 distritos del pa\u00eds.<\/span><\/p>\n<p><span style=\"color: #000000;\">Inform\u00f3 adem\u00e1s que los observadores de la Misi\u00f3n de Observaci\u00f3n Electoral de la Uni\u00f3n Europea (MOE UE) estuvieron presentes en estas capacitaciones que realiza la ONPE, previo a la realizaci\u00f3n del proceso electoral.<\/span><\/p>\n<p><strong><span style=\"color: #000000;\">Miembros de mesa<\/span><\/strong><\/p>\n<p><span style=\"color: #000000;\">Cabe recordar que este domingo 12 la ONPE llevar\u00e1 a cabo la primera jornada de capacitaci\u00f3n en el pa\u00eds dirigida a m\u00e1s de 500,000 miembros de mesa \u2013titulares y suplentes- que fueron seleccionados para asumir este importante cargo durante las Elecciones Congresales Extraordinarias 2020.<\/span><\/p>\n<p><span style=\"color: #000000;\">Las jornadas de capacitaci\u00f3n se realizar\u00e1n desde las 08:30 hasta las 13:00 horas en aproximadamente 2,900 locales de votaci\u00f3n a escala nacional, donde los miembros de mesa tambi\u00e9n podr\u00e1n recoger sus credenciales correspondientes.<\/span><\/p>\n<p><span style=\"color: #000000;\">La relaci\u00f3n de locales de votaci\u00f3n habilitados para las jornadas de capacitaci\u00f3n se publicar\u00e1 en la p\u00e1gina web de ONPE.<\/span><\/p>\n<p><span style=\"color: #000000;\">Para fines de capacitaci\u00f3n, los miembros de mesa podr\u00e1n acudir al local m\u00e1s cercano a su domicilio.<\/span><\/p>\n","protected":false},"excerpt":{"rendered":"<p>La ONPE realiz\u00f3 una capacitaci\u00f3n dirigida a los personeros de las agrupaciones pol\u00edticas sobre el uso del Voto Electr\u00f3nico Presencial. Lima, 11 Enero 2020, (ANDINA).- La Oficina Nacional de Proceso Electorales (ONPE) realiz\u00f3 una capacitaci\u00f3n dirigida a los personeros de las agrupaciones pol\u00edticas sobre el uso del Voto Electr\u00f3nico Presencial (VEP) que se utilizar\u00e1 en [&hellip;]<\/p>\n","protected":false},"author":1,"featured_media":63128,"comment_status":"open","ping_status":"open","sticky":false,"template":"","format":"standard","meta":{"rop_custom_images_group":[],"rop_custom_messages_group":[],"rop_publish_now":"initial","rop_publish_now_accounts":[],"rop_publish_now_history":[],"rop_publish_now_status":"pending","footnotes":""},"categories":[5],"tags":[4898,150,146],"class_list":["post-63127","post","type-post","status-publish","format-standard","has-post-thumbnail","hentry","category-actualidad-informativa","tag-elecciones-parlamentarias-2020","tag-onpe","tag-reniec"],"_links":{"self":[{"href":"https:\/\/elinformanteperu.com\/index.php\/wp-json\/wp\/v2\/posts\/63127","targetHints":{"allow":["GET"]}}],"collection":[{"href":"https:\/\/elinformanteperu.com\/index.php\/wp-json\/wp\/v2\/posts"}],"about":[{"href":"https:\/\/elinformanteperu.com\/index.php\/wp-json\/wp\/v2\/types\/post"}],"author":[{"embeddable":true,"href":"https:\/\/elinformanteperu.com\/index.php\/wp-json\/wp\/v2\/users\/1"}],"replies":[{"embeddable":true,"href":"https:\/\/elinformanteperu.com\/index.php\/wp-json\/wp\/v2\/comments?post=63127"}],"version-history":[{"count":1,"href":"https:\/\/elinformanteperu.com\/index.php\/wp-json\/wp\/v2\/posts\/63127\/revisions"}],"predecessor-version":[{"id":63129,"href":"https:\/\/elinformanteperu.com\/index.php\/wp-json\/wp\/v2\/posts\/63127\/revisions\/63129"}],"wp:featuredmedia":[{"embeddable":true,"href":"https:\/\/elinformanteperu.com\/index.php\/wp-json\/wp\/v2\/media\/63128"}],"wp:attachment":[{"href":"https:\/\/elinformanteperu.com\/index.php\/wp-json\/wp\/v2\/media?parent=63127"}],"wp:term":[{"taxonomy":"category","embeddable":true,"href":"https:\/\/elinformanteperu.com\/index.php\/wp-json\/wp\/v2\/categories?post=63127"},{"taxonomy":"post_tag","embeddable":true,"href":"https:\/\/elinformanteperu.com\/index.php\/wp-json\/wp\/v2\/tags?post=63127"}],"curies":[{"name":"wp","href":"https:\/\/api.w.org\/{rel}","templated":true}]}}