{"id":63117,"date":"2020-01-12T09:05:58","date_gmt":"2020-01-12T14:05:58","guid":{"rendered":"http:\/\/elinformanteperu.com\/?p=63117"},"modified":"2020-01-12T09:05:58","modified_gmt":"2020-01-12T14:05:58","slug":"ica-mvcs-entrego-obras-de-agua-y-alcantarillado-en-pueblo-nuevo-y-parcona","status":"publish","type":"post","link":"https:\/\/elinformanteperu.com\/index.php\/2020\/01\/12\/ica-mvcs-entrego-obras-de-agua-y-alcantarillado-en-pueblo-nuevo-y-parcona\/","title":{"rendered":"Ica: MVCS entreg\u00f3 obras de agua y alcantarillado en Pueblo Nuevo y Parcona"},"content":{"rendered":"<p><span style=\"color: #000000;\"><strong>Proyectos demandaron una inversi\u00f3n de S\/ 6 553 322 y benefician a cerca de 2500 habitantes. Tambi\u00e9n se dio en Ica, de manera simb\u00f3lica, las llaves de sus viviendas a quienes accedieron al Nuevo Cr\u00e9dito Mivivienda con Bono Verde del Fondo Mivivienda.<\/strong><\/span><\/p>\n<p><span style=\"color: #000000;\"><strong>Ica, 11 Enero 2020, (El Informante Per\u00fa).-<\/strong> El Ministerio de Vivienda, Construcci\u00f3n y Saneamiento entreg\u00f3 en uso, en el departamento de Ica, dos proyectos de agua y alcantarillado ejecutados en los distritos de Pueblo Nuevo y Parcona, los cuales demandaron una inversi\u00f3n de S\/ 6 553 322 y benefician a 2489 habitantes.<\/span><\/p>\n<p><span style=\"color: #000000;\">Se trata de proyectos de mejoramiento de sistemas de agua y desag\u00fce que comprenden, en el caso de Pueblo Nuevo, a tres anexos del centro poblado Camino Chico y, en el caso de Parcona, a las familias y comercios que se ubican en las avenidas Miguel Grau, Jhonn F. Kennedy y la calle Ra\u00fal Porras Barrenechea.<\/span><\/p>\n<p><span style=\"color: #000000;\">En ambos distritos, el ministro de Vivienda, Construcci\u00f3n y Saneamiento, Rodolfo Y\u00e1\u00f1ez, sostuvo que estos proyectos son importantes para la regi\u00f3n, ya que \u201cpermiten cerras las brechas de agua y saneamiento en nuevas zonas que, con el paso del tiempo, se han ido poblando poco a poco, y cuyos pobladores hoy en d\u00eda ya pueden hacer un uso adecuado del agua potable y de sus respectivos sistemas de alcantarillado\u201d.<\/span><\/p>\n<p><span style=\"color: #000000;\">Jos\u00e9 Hern\u00e1ndez Hern\u00e1ndez, vecino de Camino Chico, manifest\u00f3 que antes captaban el agua de pozos o la recib\u00edan a trav\u00e9s de cisternas. Pero ahora, 1018 habitantes de Pueblo Nuevo ya gozan del servicio en sus viviendas, as\u00ed como de l\u00edneas de alcantarillado que les permiten una correcta disposici\u00f3n de sus desag\u00fces.<\/span><\/p>\n<p><span style=\"color: #000000;\">Similar situaci\u00f3n goza la familia de F\u00e9lix Garc\u00eda Pacheco, la cual vive en el primer anexo del centro poblado y que, despu\u00e9s de 8 a\u00f1os de haber construido su vivienda en material noble \u2013gracias a Techo Propio\u2013, usa por primera vez su ba\u00f1o con ducha con acabados en may\u00f3lica.<\/span><\/p>\n<p><span style=\"color: #000000;\">En Parcona tambi\u00e9n se han instalado m\u00e1s de 3487 metros de redes primarias de agua potable, y m\u00e1s de 1 735 000 metros de redes de alcantarillado, las que mejoran la calidad de vida a 1471 peruanos y peruanas de la zona de influencia de la obra entregada.<\/span><\/p>\n<p><span style=\"color: #000000;\"><strong>Prevenci\u00f3n en Ica<\/strong><\/span><\/p>\n<p><img fetchpriority=\"high\" decoding=\"async\" class=\"aligncenter size-full wp-image-63119\" src=\"http:\/\/elinformanteperu.com\/wp-content\/uploads\/2020\/01\/Vivienda-Ica9.jpg\" alt=\"\" width=\"768\" height=\"508\" srcset=\"https:\/\/elinformanteperu.com\/wp-content\/uploads\/2020\/01\/Vivienda-Ica9.jpg 768w, https:\/\/elinformanteperu.com\/wp-content\/uploads\/2020\/01\/Vivienda-Ica9-300x198.jpg 300w, https:\/\/elinformanteperu.com\/wp-content\/uploads\/2020\/01\/Vivienda-Ica9-128x85.jpg 128w, https:\/\/elinformanteperu.com\/wp-content\/uploads\/2020\/01\/Vivienda-Ica9-32x21.jpg 32w\" sizes=\"(max-width: 768px) 100vw, 768px\" \/><span style=\"color: #000000;\">El ministro Rodolfo Y\u00e1\u00f1ez sostuvo tambi\u00e9n una reuni\u00f3n con el gobernador regional de Ica, Javier Gallegos, alcaldes provinciales y distritales, y profesionales y especialistas del Instituto Nacional de Defensa Civil (Indeci) y del Servicio Nacional de Meteorolog\u00eda e Hidrolog\u00eda (Senamhi), para coordinar acciones conjuntas en materia de prevenci\u00f3n ante la \u00e9poca de lluvias.<\/span><\/p>\n<p><span style=\"color: #000000;\">Durante su intervenci\u00f3n, el titular del sector sostuvo que as\u00ed como es importante la labor preventiva, tambi\u00e9n es necesario capacitar y ense\u00f1ar sobre gesti\u00f3n del riesgo de desastres, tanto a las autoridades y funcionarios p\u00fablicos, as\u00ed como a la ciudadan\u00eda en general.<\/span><\/p>\n<p><span style=\"color: #000000;\">\u00abHoy nos reunimos con ustedes para conocer cu\u00e1les son las necesidades que tiene cada localidad en cuanto a prevenci\u00f3n de posibles desastres\u00bb, se\u00f1al\u00f3 Y\u00e1\u00f1ez Wendorff, quien record\u00f3 que es el representante del Ejecutivo para la regi\u00f3n Ica.<\/span><\/p>\n<p><span style=\"color: #000000;\"><strong>Viviendas con bono verde<\/strong><\/span><\/p>\n<p><img decoding=\"async\" class=\"aligncenter size-full wp-image-63120\" src=\"http:\/\/elinformanteperu.com\/wp-content\/uploads\/2020\/01\/Vivienda-Ica8.jpg\" alt=\"\" width=\"678\" height=\"510\" srcset=\"https:\/\/elinformanteperu.com\/wp-content\/uploads\/2020\/01\/Vivienda-Ica8.jpg 678w, https:\/\/elinformanteperu.com\/wp-content\/uploads\/2020\/01\/Vivienda-Ica8-300x226.jpg 300w, https:\/\/elinformanteperu.com\/wp-content\/uploads\/2020\/01\/Vivienda-Ica8-128x96.jpg 128w, https:\/\/elinformanteperu.com\/wp-content\/uploads\/2020\/01\/Vivienda-Ica8-32x24.jpg 32w\" sizes=\"(max-width: 678px) 100vw, 678px\" \/><span style=\"color: #000000;\">Acompa\u00f1ado de los viceministros de Vivienda y Urbanismo, David Ramos, y de Construcci\u00f3n y Saneamiento, Julio Kosaka, y del presidente del directorio del Fondo Mivivienda, H\u00e9ctor Melgar, el ministro Y\u00e1\u00f1ez Wendorff entreg\u00f3 de manera simb\u00f3lica las llaves de sus nuevas viviendas en las etapas I y II del proyecto habitacional Villa Saraja a las familias que accedieron al Nuevo Cr\u00e9dito Mivivienda con Bono Verde.<\/span><\/p>\n<p><span style=\"color: #000000;\">Este proyecto, del cual se han construido a la fecha 111 inmuebles \u2013de un total de 147\u2013, los cuales cuentan con ambientes como sala, comedor, dormitorios, patio, entre otros, todos con tecnolog\u00eda de luces LED y grifer\u00edas y sanitarios de bajo consumo de agua.<\/span><\/p>\n<p><span style=\"color: #000000;\">\u201cEl Bono Verde se aplica a aquellas viviendas que incorporan criterios de sostenibilidad en su dise\u00f1o y construcci\u00f3n, y que permiten un ahorro mensual de hasta un 30 % en los consumos de luz y agua\u201d, sostuvo el ministro Y\u00e1\u00f1ez durante la actividad realizada en el fundo Santa Mar\u00eda.<\/span><\/p>\n","protected":false},"excerpt":{"rendered":"<p>Proyectos demandaron una inversi\u00f3n de S\/ 6 553 322 y benefician a cerca de 2500 habitantes. Tambi\u00e9n se dio en Ica, de manera simb\u00f3lica, las llaves de sus viviendas a quienes accedieron al Nuevo Cr\u00e9dito Mivivienda con Bono Verde del Fondo Mivivienda. Ica, 11 Enero 2020, (El Informante Per\u00fa).- El Ministerio de Vivienda, Construcci\u00f3n y [&hellip;]<\/p>\n","protected":false},"author":1,"featured_media":63118,"comment_status":"open","ping_status":"open","sticky":false,"template":"","format":"standard","meta":{"rop_custom_images_group":[],"rop_custom_messages_group":[],"rop_publish_now":"initial","rop_publish_now_accounts":[],"rop_publish_now_history":[],"rop_publish_now_status":"pending","footnotes":""},"categories":[10],"tags":[1557],"class_list":["post-63117","post","type-post","status-publish","format-standard","has-post-thumbnail","hentry","category-actualidad-municipal","tag-ministerio-de-vivienda"],"_links":{"self":[{"href":"https:\/\/elinformanteperu.com\/index.php\/wp-json\/wp\/v2\/posts\/63117","targetHints":{"allow":["GET"]}}],"collection":[{"href":"https:\/\/elinformanteperu.com\/index.php\/wp-json\/wp\/v2\/posts"}],"about":[{"href":"https:\/\/elinformanteperu.com\/index.php\/wp-json\/wp\/v2\/types\/post"}],"author":[{"embeddable":true,"href":"https:\/\/elinformanteperu.com\/index.php\/wp-json\/wp\/v2\/users\/1"}],"replies":[{"embeddable":true,"href":"https:\/\/elinformanteperu.com\/index.php\/wp-json\/wp\/v2\/comments?post=63117"}],"version-history":[{"count":1,"href":"https:\/\/elinformanteperu.com\/index.php\/wp-json\/wp\/v2\/posts\/63117\/revisions"}],"predecessor-version":[{"id":63121,"href":"https:\/\/elinformanteperu.com\/index.php\/wp-json\/wp\/v2\/posts\/63117\/revisions\/63121"}],"wp:featuredmedia":[{"embeddable":true,"href":"https:\/\/elinformanteperu.com\/index.php\/wp-json\/wp\/v2\/media\/63118"}],"wp:attachment":[{"href":"https:\/\/elinformanteperu.com\/index.php\/wp-json\/wp\/v2\/media?parent=63117"}],"wp:term":[{"taxonomy":"category","embeddable":true,"href":"https:\/\/elinformanteperu.com\/index.php\/wp-json\/wp\/v2\/categories?post=63117"},{"taxonomy":"post_tag","embeddable":true,"href":"https:\/\/elinformanteperu.com\/index.php\/wp-json\/wp\/v2\/tags?post=63117"}],"curies":[{"name":"wp","href":"https:\/\/api.w.org\/{rel}","templated":true}]}}