{"id":62981,"date":"2020-01-08T22:01:10","date_gmt":"2020-01-09T03:01:10","guid":{"rendered":"http:\/\/elinformanteperu.com\/?p=62981"},"modified":"2020-01-08T22:01:10","modified_gmt":"2020-01-09T03:01:10","slug":"por-descargas-electricas-mueren-30-ovinos-en-distrito-de-pasco","status":"publish","type":"post","link":"https:\/\/elinformanteperu.com\/index.php\/2020\/01\/08\/por-descargas-electricas-mueren-30-ovinos-en-distrito-de-pasco\/","title":{"rendered":"Por descargas el\u00e9ctricas mueren 30 ovinos en distrito de Pasco"},"content":{"rendered":"<p><strong><span style=\"color: #000000;\">Producto de las intensas lluvias y tormentas el\u00e9ctricas, 30 ovinos murieron en la estancia Tinyacu, jurisdicci\u00f3n del distrito de Ticlacay\u00e1n, en la regi\u00f3n Pasco.\u00a0<\/span><\/strong><\/p>\n<p><span style=\"color: #000000;\"><strong>Pasco, 08 Enero 2020, (ANDINA).-<\/strong> Producto de las intensas lluvias y tormentas el\u00e9ctricas, 30 ovinos murieron en la estancia Tinyacu, jurisdicci\u00f3n del distrito de Ticlacay\u00e1n, en la regi\u00f3n Pasco. El hecho se produjo el \u00faltimo fin de semana, inform\u00f3 el Centro de Operaciones de Emergencia Regional (COER).<\/span><\/p>\n<p><span style=\"color: #000000;\">El subprefecto del citado distrito, Marco Torres Aranda, precis\u00f3 que la llovizna se present\u00f3 seguida de una granizada y acompa\u00f1ada de descargas el\u00e9ctricas. \u201cFuimos alertados que en la estancia de la se\u00f1ora Teresa Meza sus animales (ovinos) murieron por el impacto del rayo, al llegar a la zona con las dem\u00e1s autoridades y la afectada hallamos muertos a las cr\u00edas, mayores de un a\u00f1o y reproductores. Al parecer estuvieron comiendo pasto y fueron alcanzados por una r\u00e1faga de descargas\u201d, refiri\u00f3.<\/span><\/p>\n<p><span style=\"color: #000000;\">Se supo que la muerte repentina de los animales significa una p\u00e9rdida econ\u00f3mica de m\u00e1s de 5,000 soles para la familia Meza.<\/span><\/p>\n<p><span style=\"color: #000000;\">Ayer los animales fueron enterrados en un descampado, ya que seg\u00fan explicaron los funcionarios de Direcci\u00f3n Agraria, ya no son \u00fatiles para el consumo humano.<\/span><\/p>\n<p><span style=\"color: #000000;\">De otra parte, el COER Pasco dio a conocer que a consecuencia de las intensas lluvias y vientos fuertes se desprendieron los techos de dos r\u00fasticas viviendas en el centro poblado San Agust\u00edn de Huaychao, distrito de Huayllay.<\/span><\/p>\n","protected":false},"excerpt":{"rendered":"<p>Producto de las intensas lluvias y tormentas el\u00e9ctricas, 30 ovinos murieron en la estancia Tinyacu, jurisdicci\u00f3n del distrito de Ticlacay\u00e1n, en la regi\u00f3n Pasco.\u00a0 Pasco, 08 Enero 2020, (ANDINA).- Producto de las intensas lluvias y tormentas el\u00e9ctricas, 30 ovinos murieron en la estancia Tinyacu, jurisdicci\u00f3n del distrito de Ticlacay\u00e1n, en la regi\u00f3n Pasco. El hecho [&hellip;]<\/p>\n","protected":false},"author":1,"featured_media":62982,"comment_status":"open","ping_status":"open","sticky":false,"template":"","format":"standard","meta":{"rop_custom_images_group":[],"rop_custom_messages_group":[],"rop_publish_now":"initial","rop_publish_now_accounts":[],"rop_publish_now_history":[],"rop_publish_now_status":"pending","footnotes":""},"categories":[10],"tags":[2519,1057],"class_list":["post-62981","post","type-post","status-publish","format-standard","has-post-thumbnail","hentry","category-actualidad-municipal","tag-cerro-de-pasco","tag-coer"],"_links":{"self":[{"href":"https:\/\/elinformanteperu.com\/index.php\/wp-json\/wp\/v2\/posts\/62981","targetHints":{"allow":["GET"]}}],"collection":[{"href":"https:\/\/elinformanteperu.com\/index.php\/wp-json\/wp\/v2\/posts"}],"about":[{"href":"https:\/\/elinformanteperu.com\/index.php\/wp-json\/wp\/v2\/types\/post"}],"author":[{"embeddable":true,"href":"https:\/\/elinformanteperu.com\/index.php\/wp-json\/wp\/v2\/users\/1"}],"replies":[{"embeddable":true,"href":"https:\/\/elinformanteperu.com\/index.php\/wp-json\/wp\/v2\/comments?post=62981"}],"version-history":[{"count":1,"href":"https:\/\/elinformanteperu.com\/index.php\/wp-json\/wp\/v2\/posts\/62981\/revisions"}],"predecessor-version":[{"id":62983,"href":"https:\/\/elinformanteperu.com\/index.php\/wp-json\/wp\/v2\/posts\/62981\/revisions\/62983"}],"wp:featuredmedia":[{"embeddable":true,"href":"https:\/\/elinformanteperu.com\/index.php\/wp-json\/wp\/v2\/media\/62982"}],"wp:attachment":[{"href":"https:\/\/elinformanteperu.com\/index.php\/wp-json\/wp\/v2\/media?parent=62981"}],"wp:term":[{"taxonomy":"category","embeddable":true,"href":"https:\/\/elinformanteperu.com\/index.php\/wp-json\/wp\/v2\/categories?post=62981"},{"taxonomy":"post_tag","embeddable":true,"href":"https:\/\/elinformanteperu.com\/index.php\/wp-json\/wp\/v2\/tags?post=62981"}],"curies":[{"name":"wp","href":"https:\/\/api.w.org\/{rel}","templated":true}]}}