{"id":62979,"date":"2020-01-08T21:27:05","date_gmt":"2020-01-09T02:27:05","guid":{"rendered":"http:\/\/elinformanteperu.com\/?p=62979"},"modified":"2020-01-08T21:27:05","modified_gmt":"2020-01-09T02:27:05","slug":"paolo-guerrero-y-boca-juniors-acabaron-las-negociaciones-sin-exito","status":"publish","type":"post","link":"https:\/\/elinformanteperu.com\/index.php\/2020\/01\/08\/paolo-guerrero-y-boca-juniors-acabaron-las-negociaciones-sin-exito\/","title":{"rendered":"Paolo Guerrero y Boca Juniors acabaron las negociaciones sin \u00e9xito"},"content":{"rendered":"<p><strong><span style=\"color: #000000;\">Todo hace indicar que las negociaciones entre el representante de Paolo Guerrero y dirigentes del Boca Juniors culminaron sin \u00e9xito.<\/span><\/strong><\/p>\n<p><span style=\"color: #000000;\"><strong>Lima, 08 Enero 2020, (ANDINA).-<\/strong> Todo hace indicar que las negociaciones entre el representante de Paolo Guerrero y dirigentes del Boca Juniors culminaron sin \u00e9xito debido a amplio margen existente entre lo que ofrece el conjunto \u00abxeneize\u00bb y lo que pide el delantero peruano, as\u00ed inform\u00f3 el portal TyC Sport de Argentina.<\/span><\/p>\n<p><span style=\"color: #000000;\">El portal informa que las negociaci\u00f3n entre Boca y Paolo Guerrero entr\u00f3 en punto muerto luego de que el entorno del jugador se comunic\u00f3 con la dirigencia xeneize para informar que daban por terminadas las negociaciones por el contrato, que hasta el momento se encontraban muy lejos entre lo ofrecido por el club y lo pretendido por el delantero.<\/span><\/p>\n<p><span style=\"color: #000000;\">Guerrero, de 36 a\u00f1os, tiene contrato con el Inter de Porto Alegre, por lo que deber\u00e1 presentarse al inicio de la pretemporada el mi\u00e9rcoles 8.<\/span><\/p>\n<p><span style=\"color: #000000;\">De todas maneras, trascendi\u00f3 que en el Colorado no cay\u00f3 nada bien su decisi\u00f3n de jugar \u00aba dos puntas\u00bb con el Xeneize, sobre todo luego de que el conjunto ga\u00facho se haya apostado por el futbolista peruano cuando se encontraba suspendido por doping.<\/span><\/p>\n<p><span style=\"color: #000000;\">Boca estaba dispuesto a pagar la cl\u00e1usula de rescisi\u00f3n de Guerrero, cercana a los 4.5 millones de d\u00f3lares, pero nunca logr\u00f3 arrimarse a lo pretendido por el contrato.<\/span><\/p>\n<p><span style=\"color: #000000;\">Ahora, la dirigencia deber\u00e1 decidir si sube la oferta y vuelve a comunicarse (algo que parece dif\u00edcil) o apunta hacia otro lado en el mercado de pases.<\/span><\/p>\n<p><span style=\"color: #000000;\">En principio, los objetivos de Juan Rom\u00e1n Riquelme y Miguel \u00c1ngel Russo son dos puestos: un centrodelantero y un mediocampista, teniendo en cuenta el retiro de Daniele De Rossi y la convocatoria de Nicol\u00e1s Capaldo a la selecci\u00f3n Sub 23, lo que le impedir\u00e1 estar en cuatro de los siete partidos restantes de la Superliga.<\/span><\/p>\n<p><strong><span style=\"color: #000000;\">Fuente: TyC Sport.<\/span><\/strong><\/p>\n<p><img fetchpriority=\"high\" decoding=\"async\" class=\"aligncenter size-full wp-image-55611\" src=\"http:\/\/elinformanteperu.com\/wp-content\/uploads\/2019\/08\/paolo-guerrero-internacional.jpg\" alt=\"\" width=\"1800\" height=\"1200\" srcset=\"https:\/\/elinformanteperu.com\/wp-content\/uploads\/2019\/08\/paolo-guerrero-internacional.jpg 1800w, https:\/\/elinformanteperu.com\/wp-content\/uploads\/2019\/08\/paolo-guerrero-internacional-300x200.jpg 300w, https:\/\/elinformanteperu.com\/wp-content\/uploads\/2019\/08\/paolo-guerrero-internacional-768x512.jpg 768w, https:\/\/elinformanteperu.com\/wp-content\/uploads\/2019\/08\/paolo-guerrero-internacional-1024x683.jpg 1024w, https:\/\/elinformanteperu.com\/wp-content\/uploads\/2019\/08\/paolo-guerrero-internacional-128x85.jpg 128w, https:\/\/elinformanteperu.com\/wp-content\/uploads\/2019\/08\/paolo-guerrero-internacional-32x21.jpg 32w\" sizes=\"(max-width: 1800px) 100vw, 1800px\" \/><\/p>\n","protected":false},"excerpt":{"rendered":"<p>Todo hace indicar que las negociaciones entre el representante de Paolo Guerrero y dirigentes del Boca Juniors culminaron sin \u00e9xito. Lima, 08 Enero 2020, (ANDINA).- Todo hace indicar que las negociaciones entre el representante de Paolo Guerrero y dirigentes del Boca Juniors culminaron sin \u00e9xito debido a amplio margen existente entre lo que ofrece el [&hellip;]<\/p>\n","protected":false},"author":1,"featured_media":55073,"comment_status":"open","ping_status":"open","sticky":false,"template":"","format":"standard","meta":{"rop_custom_images_group":[],"rop_custom_messages_group":[],"rop_publish_now":"initial","rop_publish_now_accounts":[],"rop_publish_now_history":[],"rop_publish_now_status":"pending","footnotes":""},"categories":[8],"tags":[2642,3445,203],"class_list":["post-62979","post","type-post","status-publish","format-standard","has-post-thumbnail","hentry","category-disciplinas-deportivas","tag-boca-juniors","tag-inter-de-porto-alegre","tag-paolo-guerrero"],"_links":{"self":[{"href":"https:\/\/elinformanteperu.com\/index.php\/wp-json\/wp\/v2\/posts\/62979","targetHints":{"allow":["GET"]}}],"collection":[{"href":"https:\/\/elinformanteperu.com\/index.php\/wp-json\/wp\/v2\/posts"}],"about":[{"href":"https:\/\/elinformanteperu.com\/index.php\/wp-json\/wp\/v2\/types\/post"}],"author":[{"embeddable":true,"href":"https:\/\/elinformanteperu.com\/index.php\/wp-json\/wp\/v2\/users\/1"}],"replies":[{"embeddable":true,"href":"https:\/\/elinformanteperu.com\/index.php\/wp-json\/wp\/v2\/comments?post=62979"}],"version-history":[{"count":1,"href":"https:\/\/elinformanteperu.com\/index.php\/wp-json\/wp\/v2\/posts\/62979\/revisions"}],"predecessor-version":[{"id":62980,"href":"https:\/\/elinformanteperu.com\/index.php\/wp-json\/wp\/v2\/posts\/62979\/revisions\/62980"}],"wp:featuredmedia":[{"embeddable":true,"href":"https:\/\/elinformanteperu.com\/index.php\/wp-json\/wp\/v2\/media\/55073"}],"wp:attachment":[{"href":"https:\/\/elinformanteperu.com\/index.php\/wp-json\/wp\/v2\/media?parent=62979"}],"wp:term":[{"taxonomy":"category","embeddable":true,"href":"https:\/\/elinformanteperu.com\/index.php\/wp-json\/wp\/v2\/categories?post=62979"},{"taxonomy":"post_tag","embeddable":true,"href":"https:\/\/elinformanteperu.com\/index.php\/wp-json\/wp\/v2\/tags?post=62979"}],"curies":[{"name":"wp","href":"https:\/\/api.w.org\/{rel}","templated":true}]}}