{"id":62976,"date":"2020-01-08T21:21:36","date_gmt":"2020-01-09T02:21:36","guid":{"rendered":"http:\/\/elinformanteperu.com\/?p=62976"},"modified":"2020-01-08T21:21:36","modified_gmt":"2020-01-09T02:21:36","slug":"la-seleccion-peruana-y-su-complicada-tarea-de-clasificar-a-los-juegos-olimpicos","status":"publish","type":"post","link":"https:\/\/elinformanteperu.com\/index.php\/2020\/01\/08\/la-seleccion-peruana-y-su-complicada-tarea-de-clasificar-a-los-juegos-olimpicos\/","title":{"rendered":"La selecci\u00f3n peruana y su complicada tarea de clasificar a los Juegos Ol\u00edmpicos"},"content":{"rendered":"<p><strong><span style=\"color: #000000;\">Uno de los objetivos del f\u00fatbol peruano en el presente a\u00f1o es clasificar a la selecci\u00f3n Sub-23 a los Juegos Ol\u00edmpicos Tokio 2020.<\/span><\/strong><\/p>\n<p><span style=\"color: #000000;\"><strong>Lima, 08 Enero 2020, (ANDINA).-<\/strong> Uno de los objetivos del f\u00fatbol peruano en el presente a\u00f1o es clasificar a la selecci\u00f3n Sub-23 a los Juegos Ol\u00edmpicos Tokio 2020, certamen al que los nacionales no asisten desde Roma 1960.<\/span><\/p>\n<p><span style=\"color: #000000;\">Los dirigidos por Nolberto Solano trabajan con intensidad en la Villa Deportiva Nacional con miras a disputar el Torneo Preol\u00edmpico 2020, que se disputar\u00e1n del 18 de enero al 9 de febrero, en las ciudades colombianas de Armenia, Bucaramanga y Pereira. All\u00ed se definir\u00e1n a los dos equipos de Sudam\u00e9rica que participar\u00e1n en las pr\u00f3ximas Olimpiadas.<\/span><\/p>\n<p><span style=\"color: #000000;\">En la lista de 28 futbolistas convocados destaca una constelaci\u00f3n de jugadores j\u00f3venes llamados a tomar la posta en el combinado patrio absoluto.<\/span><\/p>\n<p><span style=\"color: #000000;\">Los nombres de Christopher Olivares, Dylan Caro, Jes\u00fas Pretell, Aldair Fuentes y Mart\u00edn T\u00e1vara son algunos que sobresalen por la experiencia ganada en los clubes donde juegan en donde son considerados piezas claves.<\/span><\/p>\n<p><span style=\"color: #000000;\">La baja m\u00e1s importante que tendr\u00e1 el plantel de jugadores fue la separaci\u00f3n de Kevin Quevedo, quiera el llamado a liderar al conjunto nacional. Solano decidi\u00f3 desconvocarlo porque el jugador de Alianza Lima viol\u00f3 las normas de conductas de la selecci\u00f3n.<\/span><\/p>\n<p><span style=\"color: #000000;\">En la \u00faltima etapa de su preparaci\u00f3n con miras al certamen, los nacionales jugar\u00e1 amistosos con El Salvado, los dos \u00faltimos antes de emprender viaje a la ilusi\u00f3n de intentar clasificar a los Juegos Ol\u00edmpicos Tokio 2020.<\/span><\/p>\n<p><span style=\"color: #000000;\">El primer amistoso ante El Salvador se jugar\u00e1 el jueves 9 de enero en el estadio Miguel Grau del Callao desde las 20:15 horas. Ambas escuadras volver\u00e1n a enfrentar el s\u00e1bado 11 de enero en el mismo estadio \u00abchalaco\u00bb a las 17:00 horas.<\/span><\/p>\n<p><span style=\"color: #000000;\">Luego de esos partido, la selecci\u00f3n Sub-23 volver\u00e1 a sus trabajos en la Videna y tomar\u00e1 su avi\u00f3n el 16 de enero para enrrumbar a Colombia, donde jugar\u00e1 el Preol\u00edmpico de la categor\u00eda, que se disputar\u00e1 del 18 de enero al 9 de febrero.<\/span><\/p>\n<p><strong><span style=\"color: #000000;\">Objetivo en Colombia<\/span><\/strong><\/p>\n<p><span style=\"color: #000000;\">Per\u00fa integra el grupo \u201cB\u201d junto a Brasil, Paraguay, Bolivia y Uruguay. En la serie \u201cA\u201d se ubican Colombia, Argentina, Ecuador, Venezuela y Chile.<\/span><\/p>\n<p><span style=\"color: #000000;\">Los dos primeros de cada grupo clasifican a una ronda final de cuatro, donde tambi\u00e9n juegan todos contra todos, una sola vez. Los resultados de esta ronda final determinan el campe\u00f3n y la clasificaci\u00f3n sudamericana a Tokio 2020.<\/span><\/p>\n<p><span style=\"color: #000000;\"><strong>Presencia ol\u00edmpica<\/strong><\/span><\/p>\n<p><span style=\"color: #000000;\">En la historia del f\u00fatbol peruano s\u00f3lo aparecen dos presencias de selecciones en Juegos Ol\u00edmpicos. La primera y la m\u00e1s recordada fue en Berl\u00edn 1936.<\/span><\/p>\n<p><span style=\"color: #000000;\">En su primer partido, la escuadra nacional derrot\u00f3 7-3 a Finlandia y luego hizo lo propio (4-2) a Austria. Seg\u00fan informaciones e la \u00e9poca, el \u00faltimo triunfo ante los austriacos no le gust\u00f3 para nada a Adolfo Hitler, quien habr\u00eda ordenado anular el partido.<\/span><\/p>\n<p><span style=\"color: #000000;\">Ante esta situaci\u00f3n, los peruanos decidieron retirarse del certamen magno.<\/span><\/p>\n<p><span style=\"color: #000000;\">En el conjunto blanquirrojo destacaban Jorge Alcalde, Alejandro Villanueva y Teodoro \u201cLolo\u201d Fern\u00e1ndez, quien fue el goleador con 6 tantos.<\/span><\/p>\n<p><span style=\"color: #000000;\">La segunda experiencia ol\u00edmpica fue en los Juegos de Roma 1960. En ese torneo la actuaci\u00f3n de la selecci\u00f3n peruana, dirigida por el h\u00fangaro Gyouri Orth fue discreta. Perdieron 2-1 ante Francia y frente a Hungr\u00eda (6-2) quedando eliminada de la primera fase.<\/span><\/p>\n<p><span style=\"color: #000000;\">La selecci\u00f3n peruana sub-23 obtuvo el segundo lugar en el Torneo Preol\u00edmpico Sudamericano Sub-23 de 1960, el tercer lugar en 1964 y 1980 y el cuarto lugar en 1972<\/span><\/p>\n<p><span style=\"color: #000000;\">En 1960 se jug\u00f3 el primer Preol\u00edmpico Sudamericano Sub-23.<\/span><\/p>\n<p><img fetchpriority=\"high\" decoding=\"async\" class=\"aligncenter size-full wp-image-58617\" src=\"http:\/\/elinformanteperu.com\/wp-content\/uploads\/2019\/10\/peru-colombia-sub23.jpg\" alt=\"\" width=\"1800\" height=\"1200\" srcset=\"https:\/\/elinformanteperu.com\/wp-content\/uploads\/2019\/10\/peru-colombia-sub23.jpg 1800w, https:\/\/elinformanteperu.com\/wp-content\/uploads\/2019\/10\/peru-colombia-sub23-300x200.jpg 300w, https:\/\/elinformanteperu.com\/wp-content\/uploads\/2019\/10\/peru-colombia-sub23-768x512.jpg 768w, https:\/\/elinformanteperu.com\/wp-content\/uploads\/2019\/10\/peru-colombia-sub23-1024x683.jpg 1024w, https:\/\/elinformanteperu.com\/wp-content\/uploads\/2019\/10\/peru-colombia-sub23-128x85.jpg 128w, https:\/\/elinformanteperu.com\/wp-content\/uploads\/2019\/10\/peru-colombia-sub23-32x21.jpg 32w\" sizes=\"(max-width: 1800px) 100vw, 1800px\" \/><\/p>\n","protected":false},"excerpt":{"rendered":"<p>Uno de los objetivos del f\u00fatbol peruano en el presente a\u00f1o es clasificar a la selecci\u00f3n Sub-23 a los Juegos Ol\u00edmpicos Tokio 2020. Lima, 08 Enero 2020, (ANDINA).- Uno de los objetivos del f\u00fatbol peruano en el presente a\u00f1o es clasificar a la selecci\u00f3n Sub-23 a los Juegos Ol\u00edmpicos Tokio 2020, certamen al que los [&hellip;]<\/p>\n","protected":false},"author":1,"featured_media":62977,"comment_status":"open","ping_status":"open","sticky":false,"template":"","format":"standard","meta":{"rop_custom_images_group":[],"rop_custom_messages_group":[],"rop_publish_now":"initial","rop_publish_now_accounts":[],"rop_publish_now_history":[],"rop_publish_now_status":"pending","footnotes":""},"categories":[8],"tags":[5070],"class_list":["post-62976","post","type-post","status-publish","format-standard","has-post-thumbnail","hentry","category-disciplinas-deportivas","tag-seleccion-peruana-sub-23"],"_links":{"self":[{"href":"https:\/\/elinformanteperu.com\/index.php\/wp-json\/wp\/v2\/posts\/62976","targetHints":{"allow":["GET"]}}],"collection":[{"href":"https:\/\/elinformanteperu.com\/index.php\/wp-json\/wp\/v2\/posts"}],"about":[{"href":"https:\/\/elinformanteperu.com\/index.php\/wp-json\/wp\/v2\/types\/post"}],"author":[{"embeddable":true,"href":"https:\/\/elinformanteperu.com\/index.php\/wp-json\/wp\/v2\/users\/1"}],"replies":[{"embeddable":true,"href":"https:\/\/elinformanteperu.com\/index.php\/wp-json\/wp\/v2\/comments?post=62976"}],"version-history":[{"count":1,"href":"https:\/\/elinformanteperu.com\/index.php\/wp-json\/wp\/v2\/posts\/62976\/revisions"}],"predecessor-version":[{"id":62978,"href":"https:\/\/elinformanteperu.com\/index.php\/wp-json\/wp\/v2\/posts\/62976\/revisions\/62978"}],"wp:featuredmedia":[{"embeddable":true,"href":"https:\/\/elinformanteperu.com\/index.php\/wp-json\/wp\/v2\/media\/62977"}],"wp:attachment":[{"href":"https:\/\/elinformanteperu.com\/index.php\/wp-json\/wp\/v2\/media?parent=62976"}],"wp:term":[{"taxonomy":"category","embeddable":true,"href":"https:\/\/elinformanteperu.com\/index.php\/wp-json\/wp\/v2\/categories?post=62976"},{"taxonomy":"post_tag","embeddable":true,"href":"https:\/\/elinformanteperu.com\/index.php\/wp-json\/wp\/v2\/tags?post=62976"}],"curies":[{"name":"wp","href":"https:\/\/api.w.org\/{rel}","templated":true}]}}