{"id":62974,"date":"2020-01-08T21:12:44","date_gmt":"2020-01-09T02:12:44","guid":{"rendered":"http:\/\/elinformanteperu.com\/?p=62974"},"modified":"2020-01-08T21:12:44","modified_gmt":"2020-01-09T02:12:44","slug":"boca-juniors-hoy-no-tenemos-nada-con-paolo-guerrero","status":"publish","type":"post","link":"https:\/\/elinformanteperu.com\/index.php\/2020\/01\/08\/boca-juniors-hoy-no-tenemos-nada-con-paolo-guerrero\/","title":{"rendered":"Boca Juniors: \u00abHoy no tenemos nada con Paolo Guerrero\u00bb"},"content":{"rendered":"<p><strong><span style=\"color: #000000;\">El presidente de Boca Juniors de Argentina, Jorge Amor, se\u00f1al\u00f3 que, en la actualidad, el cuadro xeneize no tiene nada con el veterano atacante peruano del Internacional.<\/span><\/strong><\/p>\n<p><span style=\"color: #000000;\"><strong>Porto Alegre, 08 Enero 2020, (ANDINA).-<\/strong> El presidente de Boca Juniors de Argentina, Jorge Amor, se\u00f1al\u00f3 que, en la actualidad, el cuadro xeneize no tiene nada con el veterano atacante peruano del Internacional de Brasil, Paolo Guerrero, de 36 a\u00f1os.<\/span><\/p>\n<p><span style=\"color: #000000;\">\u00abHoy nosotros no tenemos nada (con Paolo Guerrero). El f\u00fatbol es muy r\u00e1pido, muy express, pero bueno, hoy no hay nada\u00bb, manifest\u00f3 Amor al canal de televisi\u00f3n Fox Sports.<\/span><\/p>\n<p><span style=\"color: #000000;\">Sobre esa l\u00ednea, el titular de Boca indic\u00f3 que el encargado de la \u00faltima palabra sobre la incorporaci\u00f3n del \u00abDepredador\u00bb ser\u00e1 el t\u00e9cnico argentino Miguel \u00c1ngel Russo, que volvi\u00f3 a dirigir al conjunto bonaerense despu\u00e9s de doce temporadas, con el impulso de su exdirigido Juan Rom\u00e1n Riquelme convertido en vicepresidente segundo de la entidad \u00abazul y oro\u00bb.<\/span><\/p>\n<p><span style=\"color: #000000;\">\u00abYo creo que el tema es este. Primero Miguel (Russo) tendr\u00e1 que evaluar a nuestros jugadores: c\u00f3mo los encontr\u00f3, qu\u00e9 \u00e1nimos tienen, qu\u00e9 ganas tienen de trabajar y qu\u00e9 ganas tienen de hacer. A partir de ah\u00ed, las necesidades que podamos traer las vamos a ir resolviendo\u00bb, acot\u00f3<\/span><\/p>\n<p><span style=\"color: #000000;\">Seg\u00fan TyC Sports, los representantes de Paolo Guerrero ya le manifestaron a Boca Juniors que el artillero incaico se mantendr\u00e1 en el Internacional de Porto Alegre.<\/span><\/p>\n<p><img fetchpriority=\"high\" decoding=\"async\" class=\"aligncenter size-full wp-image-60955\" src=\"http:\/\/elinformanteperu.com\/wp-content\/uploads\/2019\/11\/guerrero-inter-brasil.jpg\" alt=\"\" width=\"1800\" height=\"1200\" srcset=\"https:\/\/elinformanteperu.com\/wp-content\/uploads\/2019\/11\/guerrero-inter-brasil.jpg 1800w, https:\/\/elinformanteperu.com\/wp-content\/uploads\/2019\/11\/guerrero-inter-brasil-300x200.jpg 300w, https:\/\/elinformanteperu.com\/wp-content\/uploads\/2019\/11\/guerrero-inter-brasil-1024x683.jpg 1024w, https:\/\/elinformanteperu.com\/wp-content\/uploads\/2019\/11\/guerrero-inter-brasil-768x512.jpg 768w, https:\/\/elinformanteperu.com\/wp-content\/uploads\/2019\/11\/guerrero-inter-brasil-1536x1024.jpg 1536w, https:\/\/elinformanteperu.com\/wp-content\/uploads\/2019\/11\/guerrero-inter-brasil-128x85.jpg 128w, https:\/\/elinformanteperu.com\/wp-content\/uploads\/2019\/11\/guerrero-inter-brasil-32x21.jpg 32w\" sizes=\"(max-width: 1800px) 100vw, 1800px\" \/><\/p>\n","protected":false},"excerpt":{"rendered":"<p>El presidente de Boca Juniors de Argentina, Jorge Amor, se\u00f1al\u00f3 que, en la actualidad, el cuadro xeneize no tiene nada con el veterano atacante peruano del Internacional. Porto Alegre, 08 Enero 2020, (ANDINA).- El presidente de Boca Juniors de Argentina, Jorge Amor, se\u00f1al\u00f3 que, en la actualidad, el cuadro xeneize no tiene nada con el [&hellip;]<\/p>\n","protected":false},"author":1,"featured_media":61043,"comment_status":"open","ping_status":"open","sticky":false,"template":"","format":"standard","meta":{"rop_custom_images_group":[],"rop_custom_messages_group":[],"rop_publish_now":"initial","rop_publish_now_accounts":[],"rop_publish_now_history":[],"rop_publish_now_status":"pending","footnotes":""},"categories":[8],"tags":[2642,203],"class_list":["post-62974","post","type-post","status-publish","format-standard","has-post-thumbnail","hentry","category-disciplinas-deportivas","tag-boca-juniors","tag-paolo-guerrero"],"_links":{"self":[{"href":"https:\/\/elinformanteperu.com\/index.php\/wp-json\/wp\/v2\/posts\/62974","targetHints":{"allow":["GET"]}}],"collection":[{"href":"https:\/\/elinformanteperu.com\/index.php\/wp-json\/wp\/v2\/posts"}],"about":[{"href":"https:\/\/elinformanteperu.com\/index.php\/wp-json\/wp\/v2\/types\/post"}],"author":[{"embeddable":true,"href":"https:\/\/elinformanteperu.com\/index.php\/wp-json\/wp\/v2\/users\/1"}],"replies":[{"embeddable":true,"href":"https:\/\/elinformanteperu.com\/index.php\/wp-json\/wp\/v2\/comments?post=62974"}],"version-history":[{"count":1,"href":"https:\/\/elinformanteperu.com\/index.php\/wp-json\/wp\/v2\/posts\/62974\/revisions"}],"predecessor-version":[{"id":62975,"href":"https:\/\/elinformanteperu.com\/index.php\/wp-json\/wp\/v2\/posts\/62974\/revisions\/62975"}],"wp:featuredmedia":[{"embeddable":true,"href":"https:\/\/elinformanteperu.com\/index.php\/wp-json\/wp\/v2\/media\/61043"}],"wp:attachment":[{"href":"https:\/\/elinformanteperu.com\/index.php\/wp-json\/wp\/v2\/media?parent=62974"}],"wp:term":[{"taxonomy":"category","embeddable":true,"href":"https:\/\/elinformanteperu.com\/index.php\/wp-json\/wp\/v2\/categories?post=62974"},{"taxonomy":"post_tag","embeddable":true,"href":"https:\/\/elinformanteperu.com\/index.php\/wp-json\/wp\/v2\/tags?post=62974"}],"curies":[{"name":"wp","href":"https:\/\/api.w.org\/{rel}","templated":true}]}}