{"id":62971,"date":"2020-01-08T21:05:51","date_gmt":"2020-01-09T02:05:51","guid":{"rendered":"http:\/\/elinformanteperu.com\/?p=62971"},"modified":"2020-01-08T21:05:51","modified_gmt":"2020-01-09T02:05:51","slug":"seleccion-peruana-de-voleibol-fue-victima-de-robo-en-el-preolimpico-de-colombia","status":"publish","type":"post","link":"https:\/\/elinformanteperu.com\/index.php\/2020\/01\/08\/seleccion-peruana-de-voleibol-fue-victima-de-robo-en-el-preolimpico-de-colombia\/","title":{"rendered":"Selecci\u00f3n peruana de voleibol fue v\u00edctima de robo en el Preol\u00edmpico de Colombia"},"content":{"rendered":"<p><strong><span style=\"color: #000000;\">La selecci\u00f3n peruana de voleibol que disputa el Torneo Preol\u00edmpico Colombia 2020, en la ciudad de Bogot\u00e1, fue v\u00edctima de robo durante sus entrenamientos.<\/span><\/strong><\/p>\n<p><span style=\"color: #000000;\"><strong>Lima, 08 Enero 2020, (ANDINA).-<\/strong> La selecci\u00f3n peruana de voleibol que disputa el Torneo Preol\u00edmpico Colombia 2020, en la ciudad de Bogot\u00e1, fue v\u00edctima de robo durante sus entrenamientos con miras al partido que sostendr\u00e1n hoy (20:30 horas) ante la escuadra local.<\/span><\/p>\n<p><span style=\"color: #000000;\">La noticia de lamentable hecho fue proporcionado por la misma Federaci\u00f3n Peruana de Voleibol, que lamenta lo sucedido y pide una explicaci\u00f3n a los organizadores al respecto porque el robo se dio en el coliseo El Salitre, donde la escuadra nacional entrena.<\/span><\/p>\n<p><span style=\"color: #000000;\">La Federaci\u00f3n Peruana de Voleibol (FPV) lamenta comunicar que el d\u00eda de hoy, mi\u00e9rcoles 08 de enero, nuestra delegaci\u00f3n de deportistas que participa en el Torneo Preol\u00edmpico de Colombia, fue v\u00edctima de un robo en las instalaciones del Coliseo El Salitre de Bogot\u00e1 mientras realizaba su entrenamiento.<\/span><\/p>\n<p><span style=\"color: #000000;\">La delegaci\u00f3n se percat\u00f3 del hecho al retornar a los camerinos y comprobar que sus bolsos y mochilas fueron abiertos y extra\u00eddos celulares y dinero. Asimismo, el equipo de Prensa que cubre las incidencias del campeonato report\u00f3 tambi\u00e9n el robo de una c\u00e1mara profesional de video, lentes y equipos de audio.<\/span><\/p>\n<p><span style=\"color: #000000;\">Apenas enterados de este lamentable hecho, las autoridades de la FPV se comunicaron con las autoridades de la Federaci\u00f3n Colombiana de Voleibol, la Confederaci\u00f3n Sudamericana de Voleibol y el Consulado del Per\u00fa en Bogot\u00e1 para que dispongan de las investigaciones necesarias para dar con los responsables de este hurto.<\/span><\/p>\n<p><span style=\"color: #000000;\">La FPV salvaguardar\u00e1 tanto la integridad f\u00edsica de nuestras deportistas, as\u00ed como su patrimonio, coordinando con las autoridades pertinentes las investigaciones necesarias.<\/span><\/p>\n<p><img fetchpriority=\"high\" decoding=\"async\" class=\"aligncenter size-full wp-image-60946\" src=\"http:\/\/elinformanteperu.com\/wp-content\/uploads\/2019\/11\/voley65-1.jpg\" alt=\"\" width=\"1800\" height=\"1199\" srcset=\"https:\/\/elinformanteperu.com\/wp-content\/uploads\/2019\/11\/voley65-1.jpg 1800w, https:\/\/elinformanteperu.com\/wp-content\/uploads\/2019\/11\/voley65-1-300x200.jpg 300w, https:\/\/elinformanteperu.com\/wp-content\/uploads\/2019\/11\/voley65-1-1024x682.jpg 1024w, https:\/\/elinformanteperu.com\/wp-content\/uploads\/2019\/11\/voley65-1-768x512.jpg 768w, https:\/\/elinformanteperu.com\/wp-content\/uploads\/2019\/11\/voley65-1-1536x1023.jpg 1536w, https:\/\/elinformanteperu.com\/wp-content\/uploads\/2019\/11\/voley65-1-128x85.jpg 128w, https:\/\/elinformanteperu.com\/wp-content\/uploads\/2019\/11\/voley65-1-32x21.jpg 32w\" sizes=\"(max-width: 1800px) 100vw, 1800px\" \/><\/p>\n","protected":false},"excerpt":{"rendered":"<p>La selecci\u00f3n peruana de voleibol que disputa el Torneo Preol\u00edmpico Colombia 2020, en la ciudad de Bogot\u00e1, fue v\u00edctima de robo durante sus entrenamientos. Lima, 08 Enero 2020, (ANDINA).- La selecci\u00f3n peruana de voleibol que disputa el Torneo Preol\u00edmpico Colombia 2020, en la ciudad de Bogot\u00e1, fue v\u00edctima de robo durante sus entrenamientos con miras [&hellip;]<\/p>\n","protected":false},"author":1,"featured_media":62972,"comment_status":"open","ping_status":"open","sticky":false,"template":"","format":"standard","meta":{"rop_custom_images_group":[],"rop_custom_messages_group":[],"rop_publish_now":"initial","rop_publish_now_accounts":[],"rop_publish_now_history":[],"rop_publish_now_status":"pending","footnotes":""},"categories":[8],"tags":[1516,651],"class_list":["post-62971","post","type-post","status-publish","format-standard","has-post-thumbnail","hentry","category-disciplinas-deportivas","tag-seleccion-voley","tag-voley"],"_links":{"self":[{"href":"https:\/\/elinformanteperu.com\/index.php\/wp-json\/wp\/v2\/posts\/62971","targetHints":{"allow":["GET"]}}],"collection":[{"href":"https:\/\/elinformanteperu.com\/index.php\/wp-json\/wp\/v2\/posts"}],"about":[{"href":"https:\/\/elinformanteperu.com\/index.php\/wp-json\/wp\/v2\/types\/post"}],"author":[{"embeddable":true,"href":"https:\/\/elinformanteperu.com\/index.php\/wp-json\/wp\/v2\/users\/1"}],"replies":[{"embeddable":true,"href":"https:\/\/elinformanteperu.com\/index.php\/wp-json\/wp\/v2\/comments?post=62971"}],"version-history":[{"count":1,"href":"https:\/\/elinformanteperu.com\/index.php\/wp-json\/wp\/v2\/posts\/62971\/revisions"}],"predecessor-version":[{"id":62973,"href":"https:\/\/elinformanteperu.com\/index.php\/wp-json\/wp\/v2\/posts\/62971\/revisions\/62973"}],"wp:featuredmedia":[{"embeddable":true,"href":"https:\/\/elinformanteperu.com\/index.php\/wp-json\/wp\/v2\/media\/62972"}],"wp:attachment":[{"href":"https:\/\/elinformanteperu.com\/index.php\/wp-json\/wp\/v2\/media?parent=62971"}],"wp:term":[{"taxonomy":"category","embeddable":true,"href":"https:\/\/elinformanteperu.com\/index.php\/wp-json\/wp\/v2\/categories?post=62971"},{"taxonomy":"post_tag","embeddable":true,"href":"https:\/\/elinformanteperu.com\/index.php\/wp-json\/wp\/v2\/tags?post=62971"}],"curies":[{"name":"wp","href":"https:\/\/api.w.org\/{rel}","templated":true}]}}