{"id":62967,"date":"2020-01-08T20:59:49","date_gmt":"2020-01-09T01:59:49","guid":{"rendered":"http:\/\/elinformanteperu.com\/?p=62967"},"modified":"2020-01-08T20:59:49","modified_gmt":"2020-01-09T01:59:49","slug":"botafogo-presento-al-peruano-lecaros-como-su-refuerzo-hasta-2021","status":"publish","type":"post","link":"https:\/\/elinformanteperu.com\/index.php\/2020\/01\/08\/botafogo-presento-al-peruano-lecaros-como-su-refuerzo-hasta-2021\/","title":{"rendered":"Botafogo present\u00f3 al peruano Lecaros como su refuerzo hasta 2021"},"content":{"rendered":"<p><strong><span style=\"color: #000000;\">El Botafogo present\u00f3 al atacante peruano Alexander Lecaros como uno de sus principales refuerzos para las dos pr\u00f3ximas temporadas.<\/span><\/strong><\/p>\n<p><span style=\"color: #000000;\"><strong>Lima, 08 Enero 2020, (ANDINA).-<\/strong> El Botafogo present\u00f3 este mi\u00e9rcoles al atacante peruano Alexander Lecaros como uno de sus principales refuerzos para las dos pr\u00f3ximas temporadas.<\/span><\/p>\n<p><span style=\"color: #000000;\">Lecaros, de 20 a\u00f1os y considerado una de las grandes promesas del f\u00fatbol de su pa\u00eds, procede del Real Garcilaso.<\/span><\/p>\n<p><span style=\"color: #000000;\">El peruano fue presentado en un acto en el estadio Nilton Santos de R\u00edo de Janeiro en el que reafirm\u00f3 su admiraci\u00f3n por Neymar y por el m\u00edtico Did\u00ed, el entrenador que clasific\u00f3 a Per\u00fa al Mundial de M\u00e9xico de 1970 y fue \u00eddolo del Botafogo.<\/span><\/p>\n<p><span style=\"color: #000000;\">\u00abEstoy muy contento con esta experiencia. Estoy muy animado. Me inspiro mucho en Neymar\u00bb, asegur\u00f3 el jugador en la rueda de prensa que concedi\u00f3 tras su presentaci\u00f3n.<\/span><\/p>\n<p><span style=\"color: #000000;\">\u00abMi padre convers\u00f3 conmigo sobre jugadores que pasaron por el Botafogo, sobre Did\u00ed, que fue seleccionador de Per\u00fa, y sobre los muchos jugadores del Botafogo que integraron la selecci\u00f3n brasile\u00f1a. Eso me hizo aceptar la propuesta\u00bb, agreg\u00f3 el atacante.<\/span><\/p>\n<p><span style=\"color: #000000;\">Lecaros asegur\u00f3 que espera adaptarse r\u00e1pido al f\u00fatbol brasile\u00f1o y al estilo impulsado por el t\u00e9cnico del Botafogo, Alberto Valentim, al que indic\u00f3 que puede ser aprovechado tanto por la punta izquierda como por la derecha de la cancha.<\/span><\/p>\n<p><img fetchpriority=\"high\" decoding=\"async\" class=\"aligncenter size-full wp-image-5939\" src=\"http:\/\/elinformanteperu.com\/wp-content\/uploads\/2017\/02\/botafogo1.jpg\" alt=\"\" width=\"3882\" height=\"2772\" srcset=\"https:\/\/elinformanteperu.com\/wp-content\/uploads\/2017\/02\/botafogo1.jpg 3882w, https:\/\/elinformanteperu.com\/wp-content\/uploads\/2017\/02\/botafogo1-300x214.jpg 300w, https:\/\/elinformanteperu.com\/wp-content\/uploads\/2017\/02\/botafogo1-768x548.jpg 768w, https:\/\/elinformanteperu.com\/wp-content\/uploads\/2017\/02\/botafogo1-1024x731.jpg 1024w, https:\/\/elinformanteperu.com\/wp-content\/uploads\/2017\/02\/botafogo1-128x91.jpg 128w, https:\/\/elinformanteperu.com\/wp-content\/uploads\/2017\/02\/botafogo1-32x23.jpg 32w\" sizes=\"(max-width: 3882px) 100vw, 3882px\" \/><\/p>\n","protected":false},"excerpt":{"rendered":"<p>El Botafogo present\u00f3 al atacante peruano Alexander Lecaros como uno de sus principales refuerzos para las dos pr\u00f3ximas temporadas. Lima, 08 Enero 2020, (ANDINA).- El Botafogo present\u00f3 este mi\u00e9rcoles al atacante peruano Alexander Lecaros como uno de sus principales refuerzos para las dos pr\u00f3ximas temporadas. Lecaros, de 20 a\u00f1os y considerado una de las grandes [&hellip;]<\/p>\n","protected":false},"author":1,"featured_media":62968,"comment_status":"open","ping_status":"open","sticky":false,"template":"","format":"standard","meta":{"rop_custom_images_group":[],"rop_custom_messages_group":[],"rop_publish_now":"initial","rop_publish_now_accounts":[],"rop_publish_now_history":[],"rop_publish_now_status":"pending","footnotes":""},"categories":[8],"tags":[5152,1069],"class_list":["post-62967","post","type-post","status-publish","format-standard","has-post-thumbnail","hentry","category-disciplinas-deportivas","tag-alexander-lecaros","tag-botafogo"],"_links":{"self":[{"href":"https:\/\/elinformanteperu.com\/index.php\/wp-json\/wp\/v2\/posts\/62967","targetHints":{"allow":["GET"]}}],"collection":[{"href":"https:\/\/elinformanteperu.com\/index.php\/wp-json\/wp\/v2\/posts"}],"about":[{"href":"https:\/\/elinformanteperu.com\/index.php\/wp-json\/wp\/v2\/types\/post"}],"author":[{"embeddable":true,"href":"https:\/\/elinformanteperu.com\/index.php\/wp-json\/wp\/v2\/users\/1"}],"replies":[{"embeddable":true,"href":"https:\/\/elinformanteperu.com\/index.php\/wp-json\/wp\/v2\/comments?post=62967"}],"version-history":[{"count":1,"href":"https:\/\/elinformanteperu.com\/index.php\/wp-json\/wp\/v2\/posts\/62967\/revisions"}],"predecessor-version":[{"id":62969,"href":"https:\/\/elinformanteperu.com\/index.php\/wp-json\/wp\/v2\/posts\/62967\/revisions\/62969"}],"wp:featuredmedia":[{"embeddable":true,"href":"https:\/\/elinformanteperu.com\/index.php\/wp-json\/wp\/v2\/media\/62968"}],"wp:attachment":[{"href":"https:\/\/elinformanteperu.com\/index.php\/wp-json\/wp\/v2\/media?parent=62967"}],"wp:term":[{"taxonomy":"category","embeddable":true,"href":"https:\/\/elinformanteperu.com\/index.php\/wp-json\/wp\/v2\/categories?post=62967"},{"taxonomy":"post_tag","embeddable":true,"href":"https:\/\/elinformanteperu.com\/index.php\/wp-json\/wp\/v2\/tags?post=62967"}],"curies":[{"name":"wp","href":"https:\/\/api.w.org\/{rel}","templated":true}]}}