{"id":62899,"date":"2020-01-06T20:52:35","date_gmt":"2020-01-07T01:52:35","guid":{"rendered":"http:\/\/elinformanteperu.com\/?p=62899"},"modified":"2020-01-06T20:52:35","modified_gmt":"2020-01-07T01:52:35","slug":"enterese-de-los-riesgos-de-usar-aire-acondicionado-y-como-protegerse","status":"publish","type":"post","link":"https:\/\/elinformanteperu.com\/index.php\/2020\/01\/06\/enterese-de-los-riesgos-de-usar-aire-acondicionado-y-como-protegerse\/","title":{"rendered":"Ent\u00e9rese de los riesgos de usar aire acondicionado y c\u00f3mo protegerse"},"content":{"rendered":"<p><strong><span style=\"color: #000000;\">El aire acondicionado es el aliado imprescindible de las personas durante esta \u00e9poca del a\u00f1o pues soportan temperaturas elevadas que afectan su bienestar.<\/span><\/strong><\/p>\n<p><span style=\"color: #000000;\"><strong>Lima, 06 Enero 2020, (ANDINA).-<\/strong> El aire acondicionado es el aliado imprescindible de las personas durante esta \u00e9poca del a\u00f1o pues soportan temperaturas elevadas que afectan su bienestar y comodidad en el hogar, centro de trabajo o lugares p\u00fablicos.<\/span><\/p>\n<p><span style=\"color: #000000;\">El mantenimiento inadecuado y uso incorrecto de equipos de aire acondicionado causan la presencia de g\u00e9rmenes, polvo y bacterias que al afectar el aire que se respira originar\u00e1n faringitis, legionelosis, neumon\u00eda, garganta irritada y procesos bronquiales, seg\u00fan la Organizaci\u00f3n Mundial de la Salud (OMS).<\/span><\/p>\n<p><span style=\"color: #000000;\">El neum\u00f3logo Ruben Huam\u00e1n, especialista de la instituci\u00f3n Una Vida por Dakota recomend\u00f3 por ese motivo lo siguiente:<\/span><\/p>\n<p><span style=\"color: #000000;\"><strong>&#8211; Verificar la limpieza de los filtros.<\/strong> Es importante tener en cuenta que la revisi\u00f3n peri\u00f3dica (mantenimiento) del aire acondicionado evitar\u00e1 que se acumulen g\u00e9rmenes y bacterias nocivos para la salud, sobre todo para las personas que sufren de asma.<\/span><\/p>\n<p><span style=\"color: #000000;\"><strong>&#8211; Es recomendable ventilar las instalaciones de casa, oficina, entre otros, de forma natural.<\/strong> Por eso si el lugar cuenta con ventanas es mejor abrirlas y dejar libre cualquier v\u00eda por donde pueda ingresar el aire, as\u00ed se eliminar\u00e1n las sustancias nocivas que se acumulan en ambientes cerrados y se dejar\u00e1 de lado el uso de equipos de aire acondicionado.<\/span><\/p>\n<p><span style=\"color: #000000;\"><strong>&#8211; El uso de aire acondicionado puede generar o empeorar enfermedades respiratorias<\/strong> como la neumon\u00eda causada por la bacteria del neumococo que se contagia al estornudar, toser o hablar con una persona infectada.<\/span><\/p>\n<p><span style=\"color: #000000;\"><strong>&#8211; Debe existir una diferencia de 8\u00b0 entre la temperatura del aire acondicionado y la del ambiente exterior<\/strong>, sobre todo en esta \u00e9poca de verano, para evitar los cambios bruscos de temperatura.<\/span><\/p>\n<p><span style=\"color: #000000;\"><strong>&#8211; La temperatura ideal del aire acondicionado para esta \u00e9poca del a\u00f1o debe ser entre 21\u00b0 \u2013 22\u00b0.<\/strong> Recuerde que no debe caerle de forma directa por ninguna raz\u00f3n el fr\u00edo que generan estos equipos.<\/span><\/p>\n<p><span style=\"color: #000000;\"><strong>&#8211; Es recomendable contar con todas las vacunas al d\u00eda para prevenir cualquier tipo de enfermedades.<\/strong> La vacuna contra la neumon\u00eda se aplica de forma gratuita para adultos mayores de 60 a\u00f1os y ni\u00f1os menores de cinco a\u00f1os en cualquier establecimiento de salud p\u00fablico.<\/span><\/p>\n<p><span style=\"color: #000000;\"><strong>&#8211; Una alimentaci\u00f3n sana y equilibrada tambi\u00e9n evita problemas de salud.<\/strong> Por ello, se recomienda consumir diariamente frutas, verduras, l\u00e1cteos y sobre todo mantenerse hidratado y lograr un estilo de vida saludable.<\/span><\/p>\n","protected":false},"excerpt":{"rendered":"<p>El aire acondicionado es el aliado imprescindible de las personas durante esta \u00e9poca del a\u00f1o pues soportan temperaturas elevadas que afectan su bienestar. Lima, 06 Enero 2020, (ANDINA).- El aire acondicionado es el aliado imprescindible de las personas durante esta \u00e9poca del a\u00f1o pues soportan temperaturas elevadas que afectan su bienestar y comodidad en el [&hellip;]<\/p>\n","protected":false},"author":1,"featured_media":62900,"comment_status":"open","ping_status":"open","sticky":false,"template":"","format":"standard","meta":{"rop_custom_images_group":[],"rop_custom_messages_group":[],"rop_publish_now":"initial","rop_publish_now_accounts":[],"rop_publish_now_history":[],"rop_publish_now_status":"pending","footnotes":""},"categories":[10,21],"tags":[388,431,3709,3710],"class_list":["post-62899","post","type-post","status-publish","format-standard","has-post-thumbnail","hentry","category-actualidad-municipal","category-orientacion","tag-ministerio-de-salud","tag-minsa","tag-oms","tag-organizacion-mundial-de-la-salud"],"_links":{"self":[{"href":"https:\/\/elinformanteperu.com\/index.php\/wp-json\/wp\/v2\/posts\/62899","targetHints":{"allow":["GET"]}}],"collection":[{"href":"https:\/\/elinformanteperu.com\/index.php\/wp-json\/wp\/v2\/posts"}],"about":[{"href":"https:\/\/elinformanteperu.com\/index.php\/wp-json\/wp\/v2\/types\/post"}],"author":[{"embeddable":true,"href":"https:\/\/elinformanteperu.com\/index.php\/wp-json\/wp\/v2\/users\/1"}],"replies":[{"embeddable":true,"href":"https:\/\/elinformanteperu.com\/index.php\/wp-json\/wp\/v2\/comments?post=62899"}],"version-history":[{"count":1,"href":"https:\/\/elinformanteperu.com\/index.php\/wp-json\/wp\/v2\/posts\/62899\/revisions"}],"predecessor-version":[{"id":62901,"href":"https:\/\/elinformanteperu.com\/index.php\/wp-json\/wp\/v2\/posts\/62899\/revisions\/62901"}],"wp:featuredmedia":[{"embeddable":true,"href":"https:\/\/elinformanteperu.com\/index.php\/wp-json\/wp\/v2\/media\/62900"}],"wp:attachment":[{"href":"https:\/\/elinformanteperu.com\/index.php\/wp-json\/wp\/v2\/media?parent=62899"}],"wp:term":[{"taxonomy":"category","embeddable":true,"href":"https:\/\/elinformanteperu.com\/index.php\/wp-json\/wp\/v2\/categories?post=62899"},{"taxonomy":"post_tag","embeddable":true,"href":"https:\/\/elinformanteperu.com\/index.php\/wp-json\/wp\/v2\/tags?post=62899"}],"curies":[{"name":"wp","href":"https:\/\/api.w.org\/{rel}","templated":true}]}}