{"id":62887,"date":"2020-01-06T20:38:30","date_gmt":"2020-01-07T01:38:30","guid":{"rendered":"http:\/\/elinformanteperu.com\/?p=62887"},"modified":"2020-01-06T20:38:30","modified_gmt":"2020-01-07T01:38:30","slug":"essalud-atiende-a-heridos-de-accidente-de-transito-en-yauca","status":"publish","type":"post","link":"https:\/\/elinformanteperu.com\/index.php\/2020\/01\/06\/essalud-atiende-a-heridos-de-accidente-de-transito-en-yauca\/","title":{"rendered":"EsSalud atiende a heridos de accidente de tr\u00e1nsito en Yauca"},"content":{"rendered":"<p><strong><span style=\"color: #000000;\">Cinco personas que resultaron heridas en el accidente causado por un \u00f3mnibus interprovincial en Yauca, regi\u00f3n Arequipa, son atendidas en hospitales de EsSalud.<\/span><\/strong><\/p>\n<p><span style=\"color: #000000;\"><strong>Lima, 06 Enero 2020, (ANDINA).-<\/strong> Cinco personas que resultaron heridas en el accidente causado por un \u00f3mnibus interprovincial en Yauca, regi\u00f3n Arequipa, son atendidas en hospitales del Seguro Social de Salud (EsSalud), donde reciben atenci\u00f3n m\u00e9dica especializada.<\/span><\/p>\n<p><span style=\"color: #000000;\">Los afectados, entre los que figuran una ni\u00f1a de tres a\u00f1os, fueron evacuados de Nasca hacia Lima, en dos avionetas subvencionadas por EsSalud, y luego trasladados en un helic\u00f3ptero de la Fuerza A\u00e9rea del Per\u00fa (FAP) hasta el helipuerto del hospital Rebagliati.<\/span><\/p>\n<p><span style=\"color: #000000;\">En este nosocomio reciben atenci\u00f3n m\u00e9dica especializada Rosa Balde\u00f3n Ramos, con diagn\u00f3stico de hemorragia en la zona del t\u00f3rax y fracturas en las costillas y cadera, y su hija de iniciales M.F.A.B., quien tambi\u00e9n presenta fractura en la cadera, inform\u00f3 la presidenta ejecutiva de EsSalud, Fiorella Molinelli, quien recibi\u00f3 a los afectados.<\/span><\/p>\n<p><span style=\"color: #000000;\">Tambi\u00e9n son atendidos Miriam Isabel Casta\u00f1eda Goicochea (77 a\u00f1os) y Humberto Juli\u00e1n L\u00f3pez Mendoza (75). La primera paciente presenta traumatismo enc\u00e9falo craneal (TEC) moderado, policontusiones y abdomen agudo; mientras que el segundo herido tiene como diagn\u00f3stico inicial enfisema pulmonar.<\/span><\/p>\n<p><span style=\"color: #000000;\">En tanto, Ana Mar\u00eda Gil Casta\u00f1eda (68) fue derivada al hospital Almenara por presentar fracturas en la pelvis y cadera, entre otras lesiones.<\/span><\/p>\n<p><strong><span style=\"color: #000000;\">Alerta permanente<\/span><\/strong><\/p>\n<p><span style=\"color: #000000;\">Molinelli indic\u00f3 que ni bien ocurrido el siniestro, EsSalud envi\u00f3 7 ambulancias que fueron utilizadas para el traslado terrestre de los heridos a los centros de salud cercanos.<\/span><\/p>\n<p><span style=\"color: #000000;\">Dijo, adem\u00e1s, que su instituci\u00f3n se mantiene en alerta permanente para recibir a los afectados de este accidente de tr\u00e1nsito.<\/span><\/p>\n<p><span style=\"color: #000000;\">\u201cEstamos coordinando con la FAP el traslado de los heridos a Lima, y con el Ministerio de Salud todo lo concerniente a la atenci\u00f3n m\u00e9dica. Al tratarse de una emergencia los afectados son atendidos indistintamente en hospitales del Minsa o de EsSalud\u201d, enfatiz\u00f3.<\/span><\/p>\n","protected":false},"excerpt":{"rendered":"<p>Cinco personas que resultaron heridas en el accidente causado por un \u00f3mnibus interprovincial en Yauca, regi\u00f3n Arequipa, son atendidas en hospitales de EsSalud. Lima, 06 Enero 2020, (ANDINA).- Cinco personas que resultaron heridas en el accidente causado por un \u00f3mnibus interprovincial en Yauca, regi\u00f3n Arequipa, son atendidas en hospitales del Seguro Social de Salud (EsSalud), [&hellip;]<\/p>\n","protected":false},"author":1,"featured_media":62888,"comment_status":"open","ping_status":"open","sticky":false,"template":"","format":"standard","meta":{"rop_custom_images_group":[],"rop_custom_messages_group":[],"rop_publish_now":"initial","rop_publish_now_accounts":[],"rop_publish_now_history":[],"rop_publish_now_status":"pending","footnotes":""},"categories":[10],"tags":[769,451,388,431],"class_list":["post-62887","post","type-post","status-publish","format-standard","has-post-thumbnail","hentry","category-actualidad-municipal","tag-arequipa","tag-essalud","tag-ministerio-de-salud","tag-minsa"],"_links":{"self":[{"href":"https:\/\/elinformanteperu.com\/index.php\/wp-json\/wp\/v2\/posts\/62887","targetHints":{"allow":["GET"]}}],"collection":[{"href":"https:\/\/elinformanteperu.com\/index.php\/wp-json\/wp\/v2\/posts"}],"about":[{"href":"https:\/\/elinformanteperu.com\/index.php\/wp-json\/wp\/v2\/types\/post"}],"author":[{"embeddable":true,"href":"https:\/\/elinformanteperu.com\/index.php\/wp-json\/wp\/v2\/users\/1"}],"replies":[{"embeddable":true,"href":"https:\/\/elinformanteperu.com\/index.php\/wp-json\/wp\/v2\/comments?post=62887"}],"version-history":[{"count":1,"href":"https:\/\/elinformanteperu.com\/index.php\/wp-json\/wp\/v2\/posts\/62887\/revisions"}],"predecessor-version":[{"id":62889,"href":"https:\/\/elinformanteperu.com\/index.php\/wp-json\/wp\/v2\/posts\/62887\/revisions\/62889"}],"wp:featuredmedia":[{"embeddable":true,"href":"https:\/\/elinformanteperu.com\/index.php\/wp-json\/wp\/v2\/media\/62888"}],"wp:attachment":[{"href":"https:\/\/elinformanteperu.com\/index.php\/wp-json\/wp\/v2\/media?parent=62887"}],"wp:term":[{"taxonomy":"category","embeddable":true,"href":"https:\/\/elinformanteperu.com\/index.php\/wp-json\/wp\/v2\/categories?post=62887"},{"taxonomy":"post_tag","embeddable":true,"href":"https:\/\/elinformanteperu.com\/index.php\/wp-json\/wp\/v2\/tags?post=62887"}],"curies":[{"name":"wp","href":"https:\/\/api.w.org\/{rel}","templated":true}]}}