{"id":62884,"date":"2020-01-06T20:34:13","date_gmt":"2020-01-07T01:34:13","guid":{"rendered":"http:\/\/elinformanteperu.com\/?p=62884"},"modified":"2020-01-06T20:34:13","modified_gmt":"2020-01-07T01:34:13","slug":"ministra-de-salud-supervisara-en-nasca-atencion-a-los-heridos-por-accidente-en-arequipa","status":"publish","type":"post","link":"https:\/\/elinformanteperu.com\/index.php\/2020\/01\/06\/ministra-de-salud-supervisara-en-nasca-atencion-a-los-heridos-por-accidente-en-arequipa\/","title":{"rendered":"Ministra de Salud supervisar\u00e1 en Nasca atenci\u00f3n a los heridos por accidente en Arequipa"},"content":{"rendered":"<p><strong><span style=\"color: #000000;\">La ministra de Salud viajar\u00e1 en breve a Nasca, en la regi\u00f3n Ica, para supervisar la atenci\u00f3n m\u00e9dica que se brinda a los heridos por el accidente ocurrido en Arequipa.<\/span><\/strong><\/p>\n<p><span style=\"color: #000000;\"><strong>Lima, 06 Enero 2020, (ANDINA).-<\/strong> La ministra de Salud, Elizabeth Hinostroza, viajar\u00e1 en breve a Nasca, en la regi\u00f3n Ica, para supervisar la atenci\u00f3n m\u00e9dica que se brinda a los heridos por el accidente ocurrido en Arequipa, y que ha dejado hasta el momento 16 muertos y m\u00e1s de 40 heridos.<\/span><\/p>\n<p><span style=\"color: #000000;\">\u201cPara tranquilidad de todos ya han sido evacuados dos pacientes en un avi\u00f3n. Estamos saliendo en breve a Nasca para supervisar toda la atenci\u00f3n. Tambi\u00e9n viajar\u00e1n familiares de algunos pacientes que est\u00e1n muy delicados all\u00ed\u201d, puntualiz\u00f3.<\/span><\/p>\n<p><span style=\"color: #000000;\">El Ministerio de Salud inform\u00f3 que m\u00e1s de 40 heridos reciben atenci\u00f3n en el Hospital de Apoyo de Nasca; mientras cinco pacientes en estado cr\u00edtico han sido trasladados al Hospital Regional de Ica.<\/span><\/p>\n<p><span style=\"color: #000000;\">Como se recuerda, al promediar las 00:40 horas de hoy, se produjo una colisi\u00f3n frontal del \u00f3mnibus de la empresa interprovincial \u201cCruz del Sur\u201d y dos veh\u00edculos menores, en el kil\u00f3metro 574 de la Carretera Panamericana Sur, ocasionando da\u00f1os a la vida y salud de las personas, en el distrito de Yauca, provincia de Caraveli.<\/span><\/p>\n<p><span style=\"color: #000000;\">El instituto Nacional de Defensa Civil indica en su reporte preliminar, que en la lista de pacientes se observan las siguientes nacionalidades: 2 de Brasil, 2 de Estados Unidos, 1 de Espa\u00f1a y 33 peruanos. Adicionalmente, se tienen a 2 pacientes a\u00fan no identificados.<\/span><\/p>\n<p><span style=\"color: #000000;\">Adem\u00e1s, da a conocer la identidad de 3 de las v\u00edctimas mortales.<\/span><\/p>\n","protected":false},"excerpt":{"rendered":"<p>La ministra de Salud viajar\u00e1 en breve a Nasca, en la regi\u00f3n Ica, para supervisar la atenci\u00f3n m\u00e9dica que se brinda a los heridos por el accidente ocurrido en Arequipa. Lima, 06 Enero 2020, (ANDINA).- La ministra de Salud, Elizabeth Hinostroza, viajar\u00e1 en breve a Nasca, en la regi\u00f3n Ica, para supervisar la atenci\u00f3n m\u00e9dica [&hellip;]<\/p>\n","protected":false},"author":1,"featured_media":62885,"comment_status":"open","ping_status":"open","sticky":false,"template":"","format":"standard","meta":{"rop_custom_images_group":[],"rop_custom_messages_group":[],"rop_publish_now":"initial","rop_publish_now_accounts":[],"rop_publish_now_history":[],"rop_publish_now_status":"pending","footnotes":""},"categories":[10],"tags":[769,388,431,5184,3779],"class_list":["post-62884","post","type-post","status-publish","format-standard","has-post-thumbnail","hentry","category-actualidad-municipal","tag-arequipa","tag-ministerio-de-salud","tag-minsa","tag-nasca","tag-transportes-cruz-del-sur"],"_links":{"self":[{"href":"https:\/\/elinformanteperu.com\/index.php\/wp-json\/wp\/v2\/posts\/62884","targetHints":{"allow":["GET"]}}],"collection":[{"href":"https:\/\/elinformanteperu.com\/index.php\/wp-json\/wp\/v2\/posts"}],"about":[{"href":"https:\/\/elinformanteperu.com\/index.php\/wp-json\/wp\/v2\/types\/post"}],"author":[{"embeddable":true,"href":"https:\/\/elinformanteperu.com\/index.php\/wp-json\/wp\/v2\/users\/1"}],"replies":[{"embeddable":true,"href":"https:\/\/elinformanteperu.com\/index.php\/wp-json\/wp\/v2\/comments?post=62884"}],"version-history":[{"count":1,"href":"https:\/\/elinformanteperu.com\/index.php\/wp-json\/wp\/v2\/posts\/62884\/revisions"}],"predecessor-version":[{"id":62886,"href":"https:\/\/elinformanteperu.com\/index.php\/wp-json\/wp\/v2\/posts\/62884\/revisions\/62886"}],"wp:featuredmedia":[{"embeddable":true,"href":"https:\/\/elinformanteperu.com\/index.php\/wp-json\/wp\/v2\/media\/62885"}],"wp:attachment":[{"href":"https:\/\/elinformanteperu.com\/index.php\/wp-json\/wp\/v2\/media?parent=62884"}],"wp:term":[{"taxonomy":"category","embeddable":true,"href":"https:\/\/elinformanteperu.com\/index.php\/wp-json\/wp\/v2\/categories?post=62884"},{"taxonomy":"post_tag","embeddable":true,"href":"https:\/\/elinformanteperu.com\/index.php\/wp-json\/wp\/v2\/tags?post=62884"}],"curies":[{"name":"wp","href":"https:\/\/api.w.org\/{rel}","templated":true}]}}