{"id":62881,"date":"2020-01-06T20:29:56","date_gmt":"2020-01-07T01:29:56","guid":{"rendered":"http:\/\/elinformanteperu.com\/?p=62881"},"modified":"2020-01-06T20:29:56","modified_gmt":"2020-01-07T01:29:56","slug":"declaran-en-alerta-roja-via-ferrea-ollantaytambo-machu-picchu-ante-lluvias","status":"publish","type":"post","link":"https:\/\/elinformanteperu.com\/index.php\/2020\/01\/06\/declaran-en-alerta-roja-via-ferrea-ollantaytambo-machu-picchu-ante-lluvias\/","title":{"rendered":"Declaran en alerta roja v\u00eda f\u00e9rrea Ollantaytambo-Machu Picchu ante lluvias"},"content":{"rendered":"<p><strong><span style=\"color: #000000;\">Frente a las intensas precipitaciones pluviales que soporta el Cusco, el COER, declar\u00f3 en alerta roja la v\u00eda f\u00e9rrea Ollantaytambo &#8211; Machu Picchu.<\/span><\/strong><\/p>\n<p><span style=\"color: #000000;\"><strong>Cusco, 06 Enero 2020, (ANDINA).-<\/strong> Frente a las intensas precipitaciones pluviales que soporta el Cusco y que incrementaron el caudal del r\u00edo Vilcanota, el Centro de Operaciones de Emergencia Regional (COER), declar\u00f3 en alerta roja la v\u00eda f\u00e9rrea Ollantaytambo &#8211; Machu Picchu.<\/span><\/p>\n<p><span style=\"color: #000000;\">La medida se dispuso ante el riesgo de producirse el desborde del citado r\u00edo, hecho que es monitoreado en el kil\u00f3metro 105 por la empresa de energ\u00eda el\u00e9ctrica (Egemsa).<\/span><\/p>\n<p><span style=\"color: #000000;\">Frente a este hecho se ha dispuesto que la Direcci\u00f3n Regional de Comercio Exterior y Turismo (Dircetur) comunique a la empresa PeruRail, que los viajes se restringen s\u00f3lo hasta las 17:00 horas, no permiti\u00e9ndose el pase de trenes luego de la hora en menci\u00f3n.<\/span><\/p>\n<p><span style=\"color: #000000;\">Por otro lado, se ha coordinado con el proyecto especial regional IMA, a fin de que disponga que toda la maquinaria pesada sea destinada a realizar trabajos de descolmataci\u00f3n del r\u00edo Huatanay para evitar mayores desbordes y da\u00f1os en la zona sur del Cusco, hecho que ya est\u00e1 en plena ejecuci\u00f3n.<\/span><\/p>\n<p><span style=\"color: #000000;\">Finalmente, se mantiene coordinaci\u00f3n constante con autoridades de Lucre, a quienes se les a solicitado activar con urgencia el Sistema de Alerta Temprana y Plan de Contingencia.<\/span><\/p>\n","protected":false},"excerpt":{"rendered":"<p>Frente a las intensas precipitaciones pluviales que soporta el Cusco, el COER, declar\u00f3 en alerta roja la v\u00eda f\u00e9rrea Ollantaytambo &#8211; Machu Picchu. Cusco, 06 Enero 2020, (ANDINA).- Frente a las intensas precipitaciones pluviales que soporta el Cusco y que incrementaron el caudal del r\u00edo Vilcanota, el Centro de Operaciones de Emergencia Regional (COER), declar\u00f3 [&hellip;]<\/p>\n","protected":false},"author":1,"featured_media":62882,"comment_status":"open","ping_status":"open","sticky":false,"template":"","format":"standard","meta":{"rop_custom_images_group":[],"rop_custom_messages_group":[],"rop_publish_now":"initial","rop_publish_now_accounts":[],"rop_publish_now_history":[],"rop_publish_now_status":"pending","footnotes":""},"categories":[10],"tags":[1226],"class_list":["post-62881","post","type-post","status-publish","format-standard","has-post-thumbnail","hentry","category-actualidad-municipal","tag-cusco"],"_links":{"self":[{"href":"https:\/\/elinformanteperu.com\/index.php\/wp-json\/wp\/v2\/posts\/62881","targetHints":{"allow":["GET"]}}],"collection":[{"href":"https:\/\/elinformanteperu.com\/index.php\/wp-json\/wp\/v2\/posts"}],"about":[{"href":"https:\/\/elinformanteperu.com\/index.php\/wp-json\/wp\/v2\/types\/post"}],"author":[{"embeddable":true,"href":"https:\/\/elinformanteperu.com\/index.php\/wp-json\/wp\/v2\/users\/1"}],"replies":[{"embeddable":true,"href":"https:\/\/elinformanteperu.com\/index.php\/wp-json\/wp\/v2\/comments?post=62881"}],"version-history":[{"count":1,"href":"https:\/\/elinformanteperu.com\/index.php\/wp-json\/wp\/v2\/posts\/62881\/revisions"}],"predecessor-version":[{"id":62883,"href":"https:\/\/elinformanteperu.com\/index.php\/wp-json\/wp\/v2\/posts\/62881\/revisions\/62883"}],"wp:featuredmedia":[{"embeddable":true,"href":"https:\/\/elinformanteperu.com\/index.php\/wp-json\/wp\/v2\/media\/62882"}],"wp:attachment":[{"href":"https:\/\/elinformanteperu.com\/index.php\/wp-json\/wp\/v2\/media?parent=62881"}],"wp:term":[{"taxonomy":"category","embeddable":true,"href":"https:\/\/elinformanteperu.com\/index.php\/wp-json\/wp\/v2\/categories?post=62881"},{"taxonomy":"post_tag","embeddable":true,"href":"https:\/\/elinformanteperu.com\/index.php\/wp-json\/wp\/v2\/tags?post=62881"}],"curies":[{"name":"wp","href":"https:\/\/api.w.org\/{rel}","templated":true}]}}