{"id":62878,"date":"2020-01-06T20:24:26","date_gmt":"2020-01-07T01:24:26","guid":{"rendered":"http:\/\/elinformanteperu.com\/?p=62878"},"modified":"2020-01-06T20:24:26","modified_gmt":"2020-01-07T01:24:26","slug":"arequipa-a-16-sube-numero-de-muertos-en-accidente-de-bus-en-yauca","status":"publish","type":"post","link":"https:\/\/elinformanteperu.com\/index.php\/2020\/01\/06\/arequipa-a-16-sube-numero-de-muertos-en-accidente-de-bus-en-yauca\/","title":{"rendered":"Arequipa: a 16 sube n\u00famero de muertos en accidente de bus en Yauca"},"content":{"rendered":"<p><strong><span style=\"color: #000000;\">A 16 aument\u00f3 el n\u00famero de muertos tras el tr\u00e1gico accidente de tr\u00e1nsito ocurrido esta madrugada en el distrito de Yauca, provincia de Caravel\u00ed, regi\u00f3n Arequipa.<\/span><\/strong><\/p>\n<p><span style=\"color: #000000;\"><strong>Lima, 06 Enero 2020, (ANDINA).-<\/strong> A 16 aument\u00f3 el n\u00famero de muertos tras el tr\u00e1gico accidente de tr\u00e1nsito ocurrido esta madrugada en el distrito de Yauca, provincia de Caravel\u00ed, regi\u00f3n Arequipa.<\/span><\/p>\n<p><span style=\"color: #000000;\">Todos los muertos son pasajeros del bus de la empresa Cruz del Sur que se dirig\u00eda de Lima hacia Arequipa y que choc\u00f3 contra varias minivans en la Panamericana Sur.<\/span><\/p>\n<p><span style=\"color: #000000;\">El accidente se suscit\u00f3 hoy al promediar las 00:40 de la madrugada, cuando el bus de servicio interprovincial de placa Y2L-962 que parti\u00f3 de Lima con destino a la ciudad de Arequipa colision\u00f3 con dos combis que estaban estacionadas en el cruce de Yauca, jurisdicci\u00f3n de la provincia de Caravel\u00ed.<\/span><\/p>\n<p><span style=\"color: #000000;\">Las minivans se encontraban en el cruce de Yauca, para recoger pasajeros que se trasladan diariamente hacia una zona minera de la provincia de Caravel\u00ed. En la zona unos kioskos de venta tambi\u00e9n fueron afectados por el accidente.<\/span><\/p>\n<p><span style=\"color: #000000;\">Ocurrido el accidente lleg\u00f3 al lugar personal de la a Polic\u00eda Nacional y bomberos para rescatar a las personas heridas, quienes fueron trasladadas al centro de salud de Yauca y hospital de Nasca, por cercan\u00eda territorial.<\/span><\/p>\n<p><span style=\"color: #000000;\">Se conoci\u00f3 tambi\u00e9n que entre las personas heridas se encontrar\u00edan pasajeros de nacionalidad americana y brasile\u00f1a.<\/span><\/p>\n<p><span style=\"color: #000000;\">Fue necesario contar con maquinaria pesada para mover el bus de Cruz del Sur y recuperar otros cuerpos que se encontraban debajo de la unidad.<\/span><\/p>\n<p><span style=\"color: #000000;\">Cabe se\u00f1alar que tras suscitarse el accidente la Red de Salud de Caman\u00e1-Caravel\u00ed, dispusieron el traslado de personal m\u00e9dico y cinco ambulancias de los distritos de Acar\u00ed, Jaqu\u00ed, Chala, Bella Uni\u00f3n y Chala para auxiliar a los pasajeros heridos.<\/span><\/p>\n<p><span style=\"color: #000000;\">En las pr\u00f3ximas horas se conocer\u00e1 la identidad de las personas fallecidas.<\/span><\/p>\n","protected":false},"excerpt":{"rendered":"<p>A 16 aument\u00f3 el n\u00famero de muertos tras el tr\u00e1gico accidente de tr\u00e1nsito ocurrido esta madrugada en el distrito de Yauca, provincia de Caravel\u00ed, regi\u00f3n Arequipa. Lima, 06 Enero 2020, (ANDINA).- A 16 aument\u00f3 el n\u00famero de muertos tras el tr\u00e1gico accidente de tr\u00e1nsito ocurrido esta madrugada en el distrito de Yauca, provincia de Caravel\u00ed, [&hellip;]<\/p>\n","protected":false},"author":1,"featured_media":62879,"comment_status":"open","ping_status":"open","sticky":false,"template":"","format":"standard","meta":{"rop_custom_images_group":[],"rop_custom_messages_group":[],"rop_publish_now":"initial","rop_publish_now_accounts":[],"rop_publish_now_history":[],"rop_publish_now_status":"pending","footnotes":""},"categories":[10],"tags":[769,3779],"class_list":["post-62878","post","type-post","status-publish","format-standard","has-post-thumbnail","hentry","category-actualidad-municipal","tag-arequipa","tag-transportes-cruz-del-sur"],"_links":{"self":[{"href":"https:\/\/elinformanteperu.com\/index.php\/wp-json\/wp\/v2\/posts\/62878","targetHints":{"allow":["GET"]}}],"collection":[{"href":"https:\/\/elinformanteperu.com\/index.php\/wp-json\/wp\/v2\/posts"}],"about":[{"href":"https:\/\/elinformanteperu.com\/index.php\/wp-json\/wp\/v2\/types\/post"}],"author":[{"embeddable":true,"href":"https:\/\/elinformanteperu.com\/index.php\/wp-json\/wp\/v2\/users\/1"}],"replies":[{"embeddable":true,"href":"https:\/\/elinformanteperu.com\/index.php\/wp-json\/wp\/v2\/comments?post=62878"}],"version-history":[{"count":1,"href":"https:\/\/elinformanteperu.com\/index.php\/wp-json\/wp\/v2\/posts\/62878\/revisions"}],"predecessor-version":[{"id":62880,"href":"https:\/\/elinformanteperu.com\/index.php\/wp-json\/wp\/v2\/posts\/62878\/revisions\/62880"}],"wp:featuredmedia":[{"embeddable":true,"href":"https:\/\/elinformanteperu.com\/index.php\/wp-json\/wp\/v2\/media\/62879"}],"wp:attachment":[{"href":"https:\/\/elinformanteperu.com\/index.php\/wp-json\/wp\/v2\/media?parent=62878"}],"wp:term":[{"taxonomy":"category","embeddable":true,"href":"https:\/\/elinformanteperu.com\/index.php\/wp-json\/wp\/v2\/categories?post=62878"},{"taxonomy":"post_tag","embeddable":true,"href":"https:\/\/elinformanteperu.com\/index.php\/wp-json\/wp\/v2\/tags?post=62878"}],"curies":[{"name":"wp","href":"https:\/\/api.w.org\/{rel}","templated":true}]}}