{"id":62872,"date":"2020-01-06T20:20:07","date_gmt":"2020-01-07T01:20:07","guid":{"rendered":"http:\/\/elinformanteperu.com\/?p=62872"},"modified":"2020-01-06T20:20:07","modified_gmt":"2020-01-07T01:20:07","slug":"arequipa-14-muertos-y-mas-de-40-heridos-deja-accidente-de-bus-interprovincial","status":"publish","type":"post","link":"https:\/\/elinformanteperu.com\/index.php\/2020\/01\/06\/arequipa-14-muertos-y-mas-de-40-heridos-deja-accidente-de-bus-interprovincial\/","title":{"rendered":"Arequipa: 14 muertos y m\u00e1s de 40 heridos deja accidente de bus interprovincial"},"content":{"rendered":"<p><strong><span style=\"color: #000000;\">Un total de 14 muertos y m\u00e1s de 40 heridos dej\u00f3 un tr\u00e1gico accidente de tr\u00e1nsito esta madrugada en el distrito de Yauca, provincia de Caravel\u00ed, regi\u00f3n Arequipa.<\/span><\/strong><\/p>\n<p><span style=\"color: #000000;\"><strong>Lima, 06 Enero 2020, (ANDINA).-<\/strong> Un total de 14 muertos y m\u00e1s de 40 heridos dej\u00f3 un tr\u00e1gico accidente de tr\u00e1nsito esta madrugada en el distrito de Yauca, provincia de Caravel\u00ed, regi\u00f3n Arequipa.<\/span><\/p>\n<p><span style=\"color: #000000;\">Un bus de la empresa Cruz del Sur que se dirig\u00eda de Lima hacia Arequipa choc\u00f3 contra tres minivans en la Panamericana Sur.<\/span><\/p>\n<p><span style=\"color: #000000;\">\u201cEl veh\u00edculo venia de norte a sur en una bajada que pasa por un cruce que atraviesa el distrito de Yauca. Aparentemente por la informaci\u00f3n recogida, el bus, de placa Y2L-962 perdi\u00f3 el control y al girar se habr\u00eda estrellado contra otros veh\u00edculos que se encontraban estacionados\u201d, dijo el alcalde de Caravel\u00ed, Arturo Montesinos,<\/span><\/p>\n<p><span style=\"color: #000000;\">El bus hab\u00eda partido la tarde del domingo a las 12:30 desde la agencia de Javier Prado en Lima. De acuerdo a la adminsitradora de la empresa, con sede en Arequipa, llevaba a bordo 42 pasajeros.<\/span><\/p>\n<p><span style=\"color: #000000;\">El gerente regional de salud de Arequipa, Denver Mu\u00f1oz, inform\u00f3 que los heridos fueron trasladados al hospital de Nasca.<\/span><\/p>\n<p><span style=\"color: #000000;\">Familiares de las v\u00edctimas llegaron desde tempranas horas a la sede de la empresa Cruz del Sur en la avenida Javier Prado para pedir informaci\u00f3n sobre sus seres queridos.<\/span><\/p>\n","protected":false},"excerpt":{"rendered":"<p>Un total de 14 muertos y m\u00e1s de 40 heridos dej\u00f3 un tr\u00e1gico accidente de tr\u00e1nsito esta madrugada en el distrito de Yauca, provincia de Caravel\u00ed, regi\u00f3n Arequipa. Lima, 06 Enero 2020, (ANDINA).- Un total de 14 muertos y m\u00e1s de 40 heridos dej\u00f3 un tr\u00e1gico accidente de tr\u00e1nsito esta madrugada en el distrito de [&hellip;]<\/p>\n","protected":false},"author":1,"featured_media":62873,"comment_status":"open","ping_status":"open","sticky":false,"template":"","format":"standard","meta":{"rop_custom_images_group":[],"rop_custom_messages_group":[],"rop_publish_now":"initial","rop_publish_now_accounts":[],"rop_publish_now_history":[],"rop_publish_now_status":"pending","footnotes":""},"categories":[10],"tags":[769,3779],"class_list":["post-62872","post","type-post","status-publish","format-standard","has-post-thumbnail","hentry","category-actualidad-municipal","tag-arequipa","tag-transportes-cruz-del-sur"],"_links":{"self":[{"href":"https:\/\/elinformanteperu.com\/index.php\/wp-json\/wp\/v2\/posts\/62872","targetHints":{"allow":["GET"]}}],"collection":[{"href":"https:\/\/elinformanteperu.com\/index.php\/wp-json\/wp\/v2\/posts"}],"about":[{"href":"https:\/\/elinformanteperu.com\/index.php\/wp-json\/wp\/v2\/types\/post"}],"author":[{"embeddable":true,"href":"https:\/\/elinformanteperu.com\/index.php\/wp-json\/wp\/v2\/users\/1"}],"replies":[{"embeddable":true,"href":"https:\/\/elinformanteperu.com\/index.php\/wp-json\/wp\/v2\/comments?post=62872"}],"version-history":[{"count":1,"href":"https:\/\/elinformanteperu.com\/index.php\/wp-json\/wp\/v2\/posts\/62872\/revisions"}],"predecessor-version":[{"id":62874,"href":"https:\/\/elinformanteperu.com\/index.php\/wp-json\/wp\/v2\/posts\/62872\/revisions\/62874"}],"wp:featuredmedia":[{"embeddable":true,"href":"https:\/\/elinformanteperu.com\/index.php\/wp-json\/wp\/v2\/media\/62873"}],"wp:attachment":[{"href":"https:\/\/elinformanteperu.com\/index.php\/wp-json\/wp\/v2\/media?parent=62872"}],"wp:term":[{"taxonomy":"category","embeddable":true,"href":"https:\/\/elinformanteperu.com\/index.php\/wp-json\/wp\/v2\/categories?post=62872"},{"taxonomy":"post_tag","embeddable":true,"href":"https:\/\/elinformanteperu.com\/index.php\/wp-json\/wp\/v2\/tags?post=62872"}],"curies":[{"name":"wp","href":"https:\/\/api.w.org\/{rel}","templated":true}]}}