{"id":62576,"date":"2019-12-31T10:15:50","date_gmt":"2019-12-31T15:15:50","guid":{"rendered":"http:\/\/elinformanteperu.com\/?p=62576"},"modified":"2019-12-31T10:15:50","modified_gmt":"2019-12-31T15:15:50","slug":"peru-cierra-el-2019-con-cifras-positivas-en-materia-deportiva","status":"publish","type":"post","link":"https:\/\/elinformanteperu.com\/index.php\/2019\/12\/31\/peru-cierra-el-2019-con-cifras-positivas-en-materia-deportiva\/","title":{"rendered":"Per\u00fa cierra el 2019 con cifras positivas en materia deportiva"},"content":{"rendered":"<p><strong><span style=\"color: #000000;\">El Per\u00fa despide un a\u00f1o ampliamente positivo para el deporte porque fue sede de los Juegos Panamericanos y Paranamericanos Lima 2019.<\/span><\/strong><\/p>\n<p><span style=\"color: #000000;\"><strong>Lima, 31 Diciembre 2019, (ANDINA).-<\/strong> El Per\u00fa despide un a\u00f1o ampliamente positivo para el deporte porque fue sede de los Juegos Panamericanos y Paranamericanos Lima 2019, cert\u00e1menes en el que la delegaci\u00f3n nacional rompi\u00f3 el r\u00e9cord en medallas ganadas en la historia. En el f\u00fatbol, la selecci\u00f3n se coron\u00f3 subcampe\u00f3n de la Copa Am\u00e9rica en Brasil y Lima acogi\u00f3 la final \u00fanica de la Copa Libertadores.<\/span><\/p>\n<p><span style=\"color: #000000;\">Si de hechos hist\u00f3ricos que marcaron el presente a\u00f1o para el Per\u00fa se trata, los Juegos Lima 2019 aparecen en primera l\u00ednea como el m\u00e1s importante en la historia del deporte nacional. Entre julio y setiembre, el pa\u00eds alberg\u00f3 a 8,570 deportistas de toda Am\u00e9rica y estuvo en los ojos del mundo durante 27 d\u00edas.<\/span><\/p>\n<p><span style=\"color: #000000;\">El primer evento de Lima 2019 fueron los Juegos Panamericanos desarrollados del 26 de julio al 11 de agosto. Aqu\u00ed compitieron un total de 6680 atletas de 41 pa\u00edses del continente.<\/span><\/p>\n<p><span style=\"color: #000000;\">En materia deportiva, la delegaci\u00f3n nacional quebr\u00f3 un r\u00e9cord al sumar 41 medallas (11 de oro, 7 de plata y 23 de bronce). Triplic\u00f3 el n\u00famero de preseas alcanzada en la anterior edici\u00f3n disputada en Toronto 2015 donde apenas totalizaron 12 discos.<\/span><\/p>\n<p><img fetchpriority=\"high\" decoding=\"async\" class=\"aligncenter size-full wp-image-53863\" src=\"http:\/\/elinformanteperu.com\/wp-content\/uploads\/2019\/07\/gladys-tejeda-maraton-femenina.jpg\" alt=\"\" width=\"1800\" height=\"1200\" srcset=\"https:\/\/elinformanteperu.com\/wp-content\/uploads\/2019\/07\/gladys-tejeda-maraton-femenina.jpg 1800w, https:\/\/elinformanteperu.com\/wp-content\/uploads\/2019\/07\/gladys-tejeda-maraton-femenina-300x200.jpg 300w, https:\/\/elinformanteperu.com\/wp-content\/uploads\/2019\/07\/gladys-tejeda-maraton-femenina-768x512.jpg 768w, https:\/\/elinformanteperu.com\/wp-content\/uploads\/2019\/07\/gladys-tejeda-maraton-femenina-1024x683.jpg 1024w, https:\/\/elinformanteperu.com\/wp-content\/uploads\/2019\/07\/gladys-tejeda-maraton-femenina-128x85.jpg 128w, https:\/\/elinformanteperu.com\/wp-content\/uploads\/2019\/07\/gladys-tejeda-maraton-femenina-32x21.jpg 32w\" sizes=\"(max-width: 1800px) 100vw, 1800px\" \/><span style=\"color: #000000;\">Un punto para resaltar fue que se gan\u00f3 m\u00e1s medallas doradas (11) de las que se cosecharon en todas las participaciones del torneo magno.<\/span><\/p>\n<p><span style=\"color: #000000;\">Doce d\u00edas despu\u00e9s de esa primera apote\u00f3sica fiesta deportiva que vivi\u00f3 el pueblo peruano, los aficionados volvieron a extender sus brazos para recibir a los Juegos Parapanamericanos, que trajo a1890 valerosos deportistas quienes demostraron que la discapacidad no es un impedimento al momento de luchar por alcanzar los sue\u00f1os.<\/span><\/p>\n<p><span style=\"color: #000000;\">Los paradeportistas nacionales se colgaron 15 preseas (5 de oro, 3 de plata y 7 de bronce), la mayor cifra obtenida una delegaci\u00f3n Blanquirroja en la historia de la competici\u00f3n.<\/span><\/p>\n<p><strong><span style=\"color: #000000;\">Cerca de la gloria<\/span><\/strong><\/p>\n<p><img decoding=\"async\" class=\"aligncenter size-full wp-image-52417\" src=\"http:\/\/elinformanteperu.com\/wp-content\/uploads\/2019\/07\/peru-chile-copa-america4.jpg\" alt=\"\" width=\"1800\" height=\"1200\" srcset=\"https:\/\/elinformanteperu.com\/wp-content\/uploads\/2019\/07\/peru-chile-copa-america4.jpg 1800w, https:\/\/elinformanteperu.com\/wp-content\/uploads\/2019\/07\/peru-chile-copa-america4-300x200.jpg 300w, https:\/\/elinformanteperu.com\/wp-content\/uploads\/2019\/07\/peru-chile-copa-america4-768x512.jpg 768w, https:\/\/elinformanteperu.com\/wp-content\/uploads\/2019\/07\/peru-chile-copa-america4-1024x683.jpg 1024w, https:\/\/elinformanteperu.com\/wp-content\/uploads\/2019\/07\/peru-chile-copa-america4-128x85.jpg 128w, https:\/\/elinformanteperu.com\/wp-content\/uploads\/2019\/07\/peru-chile-copa-america4-32x21.jpg 32w\" sizes=\"(max-width: 1800px) 100vw, 1800px\" \/><span style=\"color: #000000;\">La selecci\u00f3n peruana estuvo cerca de acariciar la gloria del f\u00fatbol continental al lograr el subcampeonato de la Copa Am\u00e9rica en Brasil. Cay\u00f3 (3-1) en la final, instancia a la que llega luego de 44 a\u00f1os, con el conjunto local, pero dej\u00f3 en claro que se trata de una escuadra que es capaz de darle batalla a cualquier rival.<\/span><\/p>\n<p><span style=\"color: #000000;\">La andadura de la Bicolor comenz\u00f3 el 15 de junio con un empate (0-0) ante Venezuela. El VAR evit\u00f3 que los dirigidos se queden con el triunfo tras anular dos goles.<\/span><\/p>\n<p><span style=\"color: #000000;\">En el siguiente cotejo lleg\u00f3 el triunfo al derrotar 3-1 a Bolivia con tantos de Paolo Guerrero, Jefferson Farf\u00e1n y Edison Flores.<\/span><\/p>\n<p><span style=\"color: #000000;\">Tuvo un traspi\u00e9 letal cuando cay\u00f3 5-0 ante Brasil, resultado que doli\u00f3, pero no impidi\u00f3 que accediera a los cuartos de final gracias a que se dieron otros resultados.<\/span><\/p>\n<p><span style=\"color: #000000;\">En la siguiente fase se top\u00f3 con Uruguay, uno de los grandes favoritos. En un partido t\u00e1ctico, los dirigidos por Ricardo Gareca igualaron a cero goles y en la definici\u00f3n por penales fueron m\u00e1s y accedieron a las semifinales.<\/span><\/p>\n<p><span style=\"color: #000000;\">En una de las mejores actuaciones en lo que va de la era Gareca, la selecci\u00f3n se impuso con clase 3-0 a Chile y lo instal\u00f3 a la final con el apelativo de \u201ctumba gigantes\u201d.<\/span><\/p>\n<p><span style=\"color: #000000;\">En el partido por el t\u00edtulo, los peruanos jugaron de igual a igual con Brasil, que llegaba como favorito. Los \u201cauriverdes\u201d sufrieron m\u00e1s de la cuenta para levantar la corona.<\/span><\/p>\n<p><strong><span style=\"color: #000000;\">Capital de f\u00fatbol<\/span><\/strong><\/p>\n<p><img decoding=\"async\" class=\"aligncenter size-full wp-image-60841\" src=\"http:\/\/elinformanteperu.com\/wp-content\/uploads\/2019\/11\/flamengo-campeon44.jpg\" alt=\"\" width=\"1800\" height=\"1200\" srcset=\"https:\/\/elinformanteperu.com\/wp-content\/uploads\/2019\/11\/flamengo-campeon44.jpg 1800w, https:\/\/elinformanteperu.com\/wp-content\/uploads\/2019\/11\/flamengo-campeon44-300x200.jpg 300w, https:\/\/elinformanteperu.com\/wp-content\/uploads\/2019\/11\/flamengo-campeon44-1024x683.jpg 1024w, https:\/\/elinformanteperu.com\/wp-content\/uploads\/2019\/11\/flamengo-campeon44-768x512.jpg 768w, https:\/\/elinformanteperu.com\/wp-content\/uploads\/2019\/11\/flamengo-campeon44-1536x1024.jpg 1536w, https:\/\/elinformanteperu.com\/wp-content\/uploads\/2019\/11\/flamengo-campeon44-128x85.jpg 128w, https:\/\/elinformanteperu.com\/wp-content\/uploads\/2019\/11\/flamengo-campeon44-32x21.jpg 32w\" sizes=\"(max-width: 1800px) 100vw, 1800px\" \/><span style=\"color: #000000;\">Lima fue sede de la primera final \u00fanica de la Copa Libertadores convirti\u00e9ndose en un suceso para resaltar en el 2019.<\/span><\/p>\n<p><span style=\"color: #000000;\">Es cierto que Flamengo se impuso 2-1 ante River Plate en cotejo jugado el 23 de noviembre en el estadio Monumental de Ate y levant\u00f3 su segunda copa en su historia, el verdadero ganador fue el Per\u00fa que alberg\u00f3 a m\u00e1s de 40,000 visitantes extranjeros, lo que gener\u00f3 un impacto econ\u00f3mico superior a los 62 millones de d\u00f3lares.<\/span><\/p>\n<p><span style=\"color: #000000;\">Fue la primera vez que Per\u00fa alberg\u00f3 los Juegos Panamericanos y Paranamericanos. Un total de 740 mil espectadores asistieron a a las competencias.<\/span><\/p>\n<p><span style=\"color: #000000;\">Per\u00fa tiene en la actualidad a 15 deportistas clasificados a los Juegos Ol\u00edmpicos Tokio 2020.<\/span><\/p>\n<p><img loading=\"lazy\" decoding=\"async\" class=\"aligncenter size-full wp-image-55777\" src=\"http:\/\/elinformanteperu.com\/wp-content\/uploads\/2019\/08\/parapanamericanos-inauguracion5.jpg\" alt=\"\" width=\"1800\" height=\"1200\" srcset=\"https:\/\/elinformanteperu.com\/wp-content\/uploads\/2019\/08\/parapanamericanos-inauguracion5.jpg 1800w, https:\/\/elinformanteperu.com\/wp-content\/uploads\/2019\/08\/parapanamericanos-inauguracion5-300x200.jpg 300w, https:\/\/elinformanteperu.com\/wp-content\/uploads\/2019\/08\/parapanamericanos-inauguracion5-768x512.jpg 768w, https:\/\/elinformanteperu.com\/wp-content\/uploads\/2019\/08\/parapanamericanos-inauguracion5-1024x683.jpg 1024w, https:\/\/elinformanteperu.com\/wp-content\/uploads\/2019\/08\/parapanamericanos-inauguracion5-128x85.jpg 128w, https:\/\/elinformanteperu.com\/wp-content\/uploads\/2019\/08\/parapanamericanos-inauguracion5-32x21.jpg 32w\" sizes=\"(max-width: 1800px) 100vw, 1800px\" \/><\/p>\n","protected":false},"excerpt":{"rendered":"<p>El Per\u00fa despide un a\u00f1o ampliamente positivo para el deporte porque fue sede de los Juegos Panamericanos y Paranamericanos Lima 2019. Lima, 31 Diciembre 2019, (ANDINA).- El Per\u00fa despide un a\u00f1o ampliamente positivo para el deporte porque fue sede de los Juegos Panamericanos y Paranamericanos Lima 2019, cert\u00e1menes en el que la delegaci\u00f3n nacional rompi\u00f3 [&hellip;]<\/p>\n","protected":false},"author":1,"featured_media":54855,"comment_status":"open","ping_status":"open","sticky":false,"template":"","format":"standard","meta":{"rop_custom_images_group":[],"rop_custom_messages_group":[],"rop_publish_now":"initial","rop_publish_now_accounts":[],"rop_publish_now_history":[],"rop_publish_now_status":"pending","footnotes":""},"categories":[8],"tags":[3565,404,2003],"class_list":["post-62576","post","type-post","status-publish","format-standard","has-post-thumbnail","hentry","category-disciplinas-deportivas","tag-copa-america-brasil-2019","tag-juegos-panamericanos-lima-2019","tag-parapanamericanos-lima-2019"],"_links":{"self":[{"href":"https:\/\/elinformanteperu.com\/index.php\/wp-json\/wp\/v2\/posts\/62576","targetHints":{"allow":["GET"]}}],"collection":[{"href":"https:\/\/elinformanteperu.com\/index.php\/wp-json\/wp\/v2\/posts"}],"about":[{"href":"https:\/\/elinformanteperu.com\/index.php\/wp-json\/wp\/v2\/types\/post"}],"author":[{"embeddable":true,"href":"https:\/\/elinformanteperu.com\/index.php\/wp-json\/wp\/v2\/users\/1"}],"replies":[{"embeddable":true,"href":"https:\/\/elinformanteperu.com\/index.php\/wp-json\/wp\/v2\/comments?post=62576"}],"version-history":[{"count":1,"href":"https:\/\/elinformanteperu.com\/index.php\/wp-json\/wp\/v2\/posts\/62576\/revisions"}],"predecessor-version":[{"id":62577,"href":"https:\/\/elinformanteperu.com\/index.php\/wp-json\/wp\/v2\/posts\/62576\/revisions\/62577"}],"wp:featuredmedia":[{"embeddable":true,"href":"https:\/\/elinformanteperu.com\/index.php\/wp-json\/wp\/v2\/media\/54855"}],"wp:attachment":[{"href":"https:\/\/elinformanteperu.com\/index.php\/wp-json\/wp\/v2\/media?parent=62576"}],"wp:term":[{"taxonomy":"category","embeddable":true,"href":"https:\/\/elinformanteperu.com\/index.php\/wp-json\/wp\/v2\/categories?post=62576"},{"taxonomy":"post_tag","embeddable":true,"href":"https:\/\/elinformanteperu.com\/index.php\/wp-json\/wp\/v2\/tags?post=62576"}],"curies":[{"name":"wp","href":"https:\/\/api.w.org\/{rel}","templated":true}]}}