{"id":62480,"date":"2019-12-28T02:43:49","date_gmt":"2019-12-28T07:43:49","guid":{"rendered":"http:\/\/elinformanteperu.com\/?p=62480"},"modified":"2019-12-28T02:43:49","modified_gmt":"2019-12-28T07:43:49","slug":"rafael-vela-caso-villanueva-tiene-una-solidez-que-permite-establecer-una-grave-sospecha","status":"publish","type":"post","link":"https:\/\/elinformanteperu.com\/index.php\/2019\/12\/28\/rafael-vela-caso-villanueva-tiene-una-solidez-que-permite-establecer-una-grave-sospecha\/","title":{"rendered":"Rafael Vela: caso Villanueva tiene una solidez que permite establecer una grave sospecha"},"content":{"rendered":"<p><strong><span style=\"color: #000000;\">El coordinador del equipo especial Lava Jato, Rafael Vela, se\u00f1al\u00f3 que el caso de C\u00e9sar Villanueva, tiene una solidez que permite establecer una grave sospecha.<\/span><\/strong><\/p>\n<p><span style=\"color: #000000;\"><strong>Lima, 27 Diciembre 2019, (ANDINA).-<\/strong> El coordinador del equipo especial Lava Jato, Rafael Vela, se\u00f1al\u00f3 que el caso del expresidente del Consejo de Ministros, C\u00e9sar Villanueva, involucrado en presuntos pagos realizados por la empresa Odebrecht por la concesi\u00f3n de la carretera San Jos\u00e9 de Sisa, en San Mart\u00edn, tiene una solidez que permite establecer una grave sospecha.<\/span><\/p>\n<p><span style=\"color: #000000;\">Sobre esa l\u00ednea, Vela Barba indic\u00f3 que hay adem\u00e1s informaci\u00f3n de codinomes (apodos), de seud\u00f3nimos revelados, e informaci\u00f3n relacionada tambi\u00e9n con el caso en particular.<\/span><\/p>\n<p><span style=\"color: #000000;\">\u00abAdicionalmente est\u00e1n los hechos de p\u00fablico conocimiento en donde el se\u00f1or C\u00e9sar Villanueva Ar\u00e9valo se reun\u00eda con fiscales en ejercicio buscando as\u00ed infiltrar y penetrar\u00bb, manifest\u00f3 a RPP.<\/span><\/p>\n<p><span style=\"color: #000000;\">Recalc\u00f3 que, en este caso en particular, no solamente est\u00e1n declarando exejecutivos de la empresa Odebrecht sino tambi\u00e9n el exfuncionario del Ministerio de Transportes y Comunicaciones, Celso Gamarra, quien tiene la condici\u00f3n de colaborador eficaz.<\/span><\/p>\n<p><span style=\"color: #000000;\">\u00abAdem\u00e1s de la activaci\u00f3n de la cooperaci\u00f3n internacional y la colaboraci\u00f3n eficaz de la empresa Odebrecht, est\u00e1 la presencia de colaboradores nacionales. \u00c9l (Gamarra) ha confirmado y corroborado todas las versiones que se vienen dando en el sentido de la entrega de dinero\u00bb, expres\u00f3.<\/span><\/p>\n<p><span style=\"color: #000000;\">En ese contexto, calific\u00f3 de falsa la declaraci\u00f3n de Segismundo Su\u00e1rez, abogado de C\u00e9sar Villanueva, quien se\u00f1al\u00f3 que en uno de los interrogatorios en Curitiba, Brasil, el se\u00f1or Guillermo Martorell se contradijo respecto a la entrega de dinero al exparlamentario y acus\u00f3 a la Fiscal\u00eda de actuar de manera interesada al no dar a conocer esta informaci\u00f3n.<\/span><\/p>\n<p><span style=\"color: #000000;\">\u00abEso es absolutamente falso. Es una expresi\u00f3n del abogado defensor que interpreta las declaraciones a su manera. Nosotros hemos brindado toda la informaci\u00f3n. Incluida tambi\u00e9n la que ha sucedido en los \u00faltimos d\u00edas, en la medida de nuestras posibilidades\u00bb.<\/span><\/p>\n<p><span style=\"color: #000000;\">Precis\u00f3 que la informaci\u00f3n establece claramente lo contrario a lo que ha manifestado el abogado Su\u00e1rez. \u00abEso lo tenemos que tomar con tolerancia, pero tambi\u00e9n con el escenario correspondiente de judicialidad\u00bb.<\/span><\/p>\n<p><span style=\"color: #000000;\">Finalmente, manifest\u00f3 que todo se ver\u00e1 en la Sala Superior de Justicia, en la que se discute el recurso de apelaci\u00f3n contra la prisi\u00f3n preventiva de 18 meses impuesta al expresidente del Consejo de Ministros, C\u00e9sar Villanueva, por el caso Odebrecht.<\/span><\/p>\n<p><span style=\"color: #000000;\">\u00abSe han presentado todos los elementos concretos que refuerzan claramente la posici\u00f3n del Ministerio P\u00fablico y que ha sido respaldada por un juez de primera instancia\u00bb.<\/span><\/p>\n","protected":false},"excerpt":{"rendered":"<p>El coordinador del equipo especial Lava Jato, Rafael Vela, se\u00f1al\u00f3 que el caso de C\u00e9sar Villanueva, tiene una solidez que permite establecer una grave sospecha. Lima, 27 Diciembre 2019, (ANDINA).- El coordinador del equipo especial Lava Jato, Rafael Vela, se\u00f1al\u00f3 que el caso del expresidente del Consejo de Ministros, C\u00e9sar Villanueva, involucrado en presuntos pagos [&hellip;]<\/p>\n","protected":false},"author":1,"featured_media":61300,"comment_status":"open","ping_status":"open","sticky":false,"template":"","format":"standard","meta":{"rop_custom_images_group":[],"rop_custom_messages_group":[],"rop_publish_now":"initial","rop_publish_now_accounts":[],"rop_publish_now_history":[],"rop_publish_now_status":"pending","footnotes":""},"categories":[5],"tags":[853,619,3427],"class_list":["post-62480","post","type-post","status-publish","format-standard","has-post-thumbnail","hentry","category-actualidad-informativa","tag-cesar-villanueva","tag-odebrecht","tag-rafael-vela"],"_links":{"self":[{"href":"https:\/\/elinformanteperu.com\/index.php\/wp-json\/wp\/v2\/posts\/62480","targetHints":{"allow":["GET"]}}],"collection":[{"href":"https:\/\/elinformanteperu.com\/index.php\/wp-json\/wp\/v2\/posts"}],"about":[{"href":"https:\/\/elinformanteperu.com\/index.php\/wp-json\/wp\/v2\/types\/post"}],"author":[{"embeddable":true,"href":"https:\/\/elinformanteperu.com\/index.php\/wp-json\/wp\/v2\/users\/1"}],"replies":[{"embeddable":true,"href":"https:\/\/elinformanteperu.com\/index.php\/wp-json\/wp\/v2\/comments?post=62480"}],"version-history":[{"count":1,"href":"https:\/\/elinformanteperu.com\/index.php\/wp-json\/wp\/v2\/posts\/62480\/revisions"}],"predecessor-version":[{"id":62481,"href":"https:\/\/elinformanteperu.com\/index.php\/wp-json\/wp\/v2\/posts\/62480\/revisions\/62481"}],"wp:featuredmedia":[{"embeddable":true,"href":"https:\/\/elinformanteperu.com\/index.php\/wp-json\/wp\/v2\/media\/61300"}],"wp:attachment":[{"href":"https:\/\/elinformanteperu.com\/index.php\/wp-json\/wp\/v2\/media?parent=62480"}],"wp:term":[{"taxonomy":"category","embeddable":true,"href":"https:\/\/elinformanteperu.com\/index.php\/wp-json\/wp\/v2\/categories?post=62480"},{"taxonomy":"post_tag","embeddable":true,"href":"https:\/\/elinformanteperu.com\/index.php\/wp-json\/wp\/v2\/tags?post=62480"}],"curies":[{"name":"wp","href":"https:\/\/api.w.org\/{rel}","templated":true}]}}