{"id":62474,"date":"2019-12-28T02:39:04","date_gmt":"2019-12-28T07:39:04","guid":{"rendered":"http:\/\/elinformanteperu.com\/?p=62474"},"modified":"2019-12-28T02:39:04","modified_gmt":"2019-12-28T07:39:04","slug":"keiko-fujimori-acusacion-fiscal-se-presentaria-entre-enero-y-febrero","status":"publish","type":"post","link":"https:\/\/elinformanteperu.com\/index.php\/2019\/12\/28\/keiko-fujimori-acusacion-fiscal-se-presentaria-entre-enero-y-febrero\/","title":{"rendered":"Keiko Fujimori: acusaci\u00f3n fiscal se presentar\u00eda entre enero y febrero"},"content":{"rendered":"<p><strong><span style=\"color: #000000;\">El coordinador del Equipo Especial Lava Jato, Rafael Vela, dijo que hacia fines de enero o inicios de febrero del 2020 se presentar\u00eda acusaci\u00f3n contra Keiko Fujimori.<\/span><\/strong><\/p>\n<p><span style=\"color: #000000;\"><strong>Lima, 27 Diciembre 2019, (ANDINA).-<\/strong> El coordinador del Equipo Especial Lava Jato, Rafael Vela, dijo que hacia fines de enero o inicios de febrero del pr\u00f3ximo a\u00f1o se presentar\u00eda acusaci\u00f3n contra la excandidata Keiko Fujimori.<\/span><\/p>\n<p><span style=\"color: #000000;\">\u00abTenemos un planeamiento estrat\u00e9gico que no hemos cambiado, pese a que la se\u00f1ora Fujimori ha sido liberada (&#8230;) Estamos en la planificaci\u00f3n de estimar que hacia fines de enero o principios de febrero debemos tener en concreto la posibilidad de establecer una pretensi\u00f3n acusatoria\u00bb, se\u00f1al\u00f3 en canal N.<\/span><\/p>\n<p><span style=\"color: #000000;\">Para ello, remarc\u00f3, se necesita definitivamente los arraigos correspondientes que eviten que se perjudique los fines de la investigaci\u00f3n fiscal, la cual, asegur\u00f3, avanza razonablemente dentro de lo que las circunstancias permiten.<\/span><\/p>\n<p><span style=\"color: #000000;\">Tras resaltar la labor que cumple el fiscal Jos\u00e9 Domingo P\u00e9rez y su equipo en la averiguaci\u00f3n de la verdad, precis\u00f3 que los plazos que les otorg\u00f3 la Corte Suprema no est\u00e1n vencidos y respetan la legalidad.<\/span><\/p>\n<p><span style=\"color: #000000;\">Vela explic\u00f3 que a la fecha, despu\u00e9s del fallo del Tribunal Constituci\u00f3n (TC) que anul\u00f3 la prisi\u00f3n preventiva contra la excandidata, no existe ninguna medida coercitiva que asegure los fines de la investigaci\u00f3n frente a un peligro de fuga o de obstrucci\u00f3n judicial.<\/span><\/p>\n<p><span style=\"color: #000000;\">Por ello, insisti\u00f3 en la defensa del pedido de la prisi\u00f3n preventiva por 36 meses planteada por el Equipo Especial Lava Jato contra Fujimori.<\/span><\/p>\n<p><span style=\"color: #000000;\">No se trata de un nuevo pedido, precis\u00f3, sino que es el mismo que exist\u00eda previo al fallo del TC, el cual nunca fue declarado insubsistente.<\/span><\/p>\n<p><span style=\"color: #000000;\">Vela estim\u00f3 que hay un peligro claro de obstrucci\u00f3n de justicia, as\u00ed como de fuga, vinculado este \u00faltimo a la complejidad del caso, la gravedad de los cargos y la cercan\u00eda con \u00abel brazo de la justicia\u00bb.<\/span><\/p>\n<p><span style=\"color: #000000;\">\u00abNo ser\u00eda ajeno que en el caso de la se\u00f1ora Fujimori, a partir de esos medios y vinculaciones con pa\u00edses extranjeros por los lazos familiares, por el lado del esposo, pueda existe la posibilidad, que no descartamos, hasta de los asilos pol\u00edticos\u00bb, a\u00f1adi\u00f3 el fiscal.<\/span><\/p>\n<p><span style=\"color: #000000;\">Seg\u00fan remarc\u00f3, este a\u00f1o han sucedido circunstancias que justifican el pedido de prisi\u00f3n preventiva contra la excandidata presidencial.<\/span><\/p>\n<p><span style=\"color: #000000;\">Lavado de activos<\/span><\/p>\n<p><span style=\"color: #000000;\">Consultado sobre el presunto lavado de activos atribuido a Keiko Fujimori, Vela dijo que en ese tema se tiene un caso s\u00f3lido, debido al mill\u00f3n de d\u00f3lares recibido procedente de la Caja 2 de Odebrecht, la cual la empresa brasile\u00f1a emple\u00f3 para sobornos.<\/span><\/p>\n<p><span style=\"color: #000000;\">Refiri\u00f3 que la excandidata nunca reconoci\u00f3 dicho dinero ni otros, sino que siempre guard\u00f3 silencio, y solo empez\u00f3 a hablar de que conoc\u00eda de los aportes llegados a su campa\u00f1a cuando los empresarios empezaron a declarar.<\/span><\/p>\n<p><span style=\"color: #000000;\">\u201cLo que revelan los empresarios es que la se\u00f1ora Fujimori ha mentido sistem\u00e1ticamente porque dec\u00eda que nunca tuvo que ver con la captaci\u00f3n del dinero\u201d, sostuvo el fiscal, quien subray\u00f3 que ello sucede producto de la investigaci\u00f3n.<\/span><\/p>\n","protected":false},"excerpt":{"rendered":"<p>El coordinador del Equipo Especial Lava Jato, Rafael Vela, dijo que hacia fines de enero o inicios de febrero del 2020 se presentar\u00eda acusaci\u00f3n contra Keiko Fujimori. Lima, 27 Diciembre 2019, (ANDINA).- El coordinador del Equipo Especial Lava Jato, Rafael Vela, dijo que hacia fines de enero o inicios de febrero del pr\u00f3ximo a\u00f1o se [&hellip;]<\/p>\n","protected":false},"author":1,"featured_media":62475,"comment_status":"open","ping_status":"open","sticky":false,"template":"","format":"standard","meta":{"rop_custom_images_group":[],"rop_custom_messages_group":[],"rop_publish_now":"initial","rop_publish_now_accounts":[],"rop_publish_now_history":[],"rop_publish_now_status":"pending","footnotes":""},"categories":[5],"tags":[557,3427],"class_list":["post-62474","post","type-post","status-publish","format-standard","has-post-thumbnail","hentry","category-actualidad-informativa","tag-keiko-fujimori","tag-rafael-vela"],"_links":{"self":[{"href":"https:\/\/elinformanteperu.com\/index.php\/wp-json\/wp\/v2\/posts\/62474","targetHints":{"allow":["GET"]}}],"collection":[{"href":"https:\/\/elinformanteperu.com\/index.php\/wp-json\/wp\/v2\/posts"}],"about":[{"href":"https:\/\/elinformanteperu.com\/index.php\/wp-json\/wp\/v2\/types\/post"}],"author":[{"embeddable":true,"href":"https:\/\/elinformanteperu.com\/index.php\/wp-json\/wp\/v2\/users\/1"}],"replies":[{"embeddable":true,"href":"https:\/\/elinformanteperu.com\/index.php\/wp-json\/wp\/v2\/comments?post=62474"}],"version-history":[{"count":1,"href":"https:\/\/elinformanteperu.com\/index.php\/wp-json\/wp\/v2\/posts\/62474\/revisions"}],"predecessor-version":[{"id":62476,"href":"https:\/\/elinformanteperu.com\/index.php\/wp-json\/wp\/v2\/posts\/62474\/revisions\/62476"}],"wp:featuredmedia":[{"embeddable":true,"href":"https:\/\/elinformanteperu.com\/index.php\/wp-json\/wp\/v2\/media\/62475"}],"wp:attachment":[{"href":"https:\/\/elinformanteperu.com\/index.php\/wp-json\/wp\/v2\/media?parent=62474"}],"wp:term":[{"taxonomy":"category","embeddable":true,"href":"https:\/\/elinformanteperu.com\/index.php\/wp-json\/wp\/v2\/categories?post=62474"},{"taxonomy":"post_tag","embeddable":true,"href":"https:\/\/elinformanteperu.com\/index.php\/wp-json\/wp\/v2\/tags?post=62474"}],"curies":[{"name":"wp","href":"https:\/\/api.w.org\/{rel}","templated":true}]}}