{"id":62471,"date":"2019-12-28T02:36:38","date_gmt":"2019-12-28T07:36:38","guid":{"rendered":"http:\/\/elinformanteperu.com\/?p=62471"},"modified":"2019-12-28T02:36:38","modified_gmt":"2019-12-28T07:36:38","slug":"keiko-fujimori-califica-de-arbitrario-pedido-de-prision-preventiva-en-su-contra","status":"publish","type":"post","link":"https:\/\/elinformanteperu.com\/index.php\/2019\/12\/28\/keiko-fujimori-califica-de-arbitrario-pedido-de-prision-preventiva-en-su-contra\/","title":{"rendered":"Keiko Fujimori califica de arbitrario pedido de prisi\u00f3n preventiva en su contra"},"content":{"rendered":"<p><strong><span style=\"color: #000000;\">La excandidata presidencial Keiko Fujimori calific\u00f3 de arbitrario el pedido de prisi\u00f3n preventiva de 36 meses planteado en su contra.<\/span><\/strong><\/p>\n<p><span style=\"color: #000000;\"><strong>Lima, 27 Diciembre 2019, (ANDINA).-<\/strong> La excandidata presidencial Keiko Fujimori calific\u00f3 de arbitrario el pedido de prisi\u00f3n preventiva de 36 meses planteado en su contra por el Equipo Especial Lava Jato del Ministerio P\u00fablico.<\/span><\/p>\n<p><span style=\"color: #000000;\">\u00abNing\u00fan pedido arbitrario y repetido de prisi\u00f3n preventiva va a evitar que yo siga viviendo el reencuentro con mi familia\u00bb, escribi\u00f3 en su cuenta en Twitter.<\/span><\/p>\n<p><span style=\"color: #000000;\">Previamente, la excandidata hab\u00eda informado que no asistir\u00eda a la audiencia de esta ma\u00f1ana, en la cual se ver\u00eda el pedido de prisi\u00f3n preventiva de 36 meses en su contra.<\/span><\/p>\n<p><span style=\"color: #000000;\">Tras iniciar la audiencia, el Cuarto Juzgado de Investigaci\u00f3n Preparatoria del Poder Judicial la reprogram\u00f3 para el s\u00e1bado 28 de diciembre, a las 09:00 horas.<\/span><\/p>\n<p><span style=\"color: #000000;\">El juez V\u00edctor Zu\u00f1iga Urday tom\u00f3 esta decisi\u00f3n luego de que la abogada Giulliana Loza, defensa legal de Fujimori, indic\u00f3 que fue no notificada debidamente por el Ministerio P\u00fablico sobre el nuevo requerimiento contra su patrocinada.<\/span><\/p>\n<p><span style=\"color: #000000;\">Las audiencias continuar\u00e1n los d\u00edas martes 31 de diciembre del 2019 (de 09:00 a 13 :00 horas) y jueves 2 de enero del 2020 (de 09:00 a 19:00 horas).<\/span><\/p>\n<p><span style=\"color: #000000;\">El fiscal del Equipo Especial Lava Jato, Jos\u00e9 Domingo P\u00e9rez se mostr\u00f3 de acuerdo con la reprogramaci\u00f3n de la audiencia.<\/span><\/p>\n<p><span style=\"color: #000000;\">Keiko Fujimori recuper\u00f3 su libertad el pasado 29 de noviembre luego de que el Tribunal Constitucional (TC) anul\u00f3 la orden de prisi\u00f3n preventiva que cumpl\u00eda desde noviembre del a\u00f1o pasado.<\/span><\/p>\n<p><span style=\"color: #000000;\">El TC declar\u00f3 fundado un pedido de habeas corpus que hab\u00eda presentado Sachi Fujimori a favor de su hermana.<\/span><\/p>\n<p><span style=\"color: #000000;\">Keiko Fujimori es investigada por presuntamente haber recibido aportes il\u00edcitos para financiar las campa\u00f1as electorales de Fuerza 2011 y Fuerza Popular.<\/span><\/p>\n","protected":false},"excerpt":{"rendered":"<p>La excandidata presidencial Keiko Fujimori calific\u00f3 de arbitrario el pedido de prisi\u00f3n preventiva de 36 meses planteado en su contra. Lima, 27 Diciembre 2019, (ANDINA).- La excandidata presidencial Keiko Fujimori calific\u00f3 de arbitrario el pedido de prisi\u00f3n preventiva de 36 meses planteado en su contra por el Equipo Especial Lava Jato del Ministerio P\u00fablico. \u00abNing\u00fan [&hellip;]<\/p>\n","protected":false},"author":1,"featured_media":62472,"comment_status":"open","ping_status":"open","sticky":false,"template":"","format":"standard","meta":{"rop_custom_images_group":[],"rop_custom_messages_group":[],"rop_publish_now":"initial","rop_publish_now_accounts":[],"rop_publish_now_history":[],"rop_publish_now_status":"pending","footnotes":""},"categories":[5],"tags":[557,370,619],"class_list":["post-62471","post","type-post","status-publish","format-standard","has-post-thumbnail","hentry","category-actualidad-informativa","tag-keiko-fujimori","tag-ministerio-publico","tag-odebrecht"],"_links":{"self":[{"href":"https:\/\/elinformanteperu.com\/index.php\/wp-json\/wp\/v2\/posts\/62471","targetHints":{"allow":["GET"]}}],"collection":[{"href":"https:\/\/elinformanteperu.com\/index.php\/wp-json\/wp\/v2\/posts"}],"about":[{"href":"https:\/\/elinformanteperu.com\/index.php\/wp-json\/wp\/v2\/types\/post"}],"author":[{"embeddable":true,"href":"https:\/\/elinformanteperu.com\/index.php\/wp-json\/wp\/v2\/users\/1"}],"replies":[{"embeddable":true,"href":"https:\/\/elinformanteperu.com\/index.php\/wp-json\/wp\/v2\/comments?post=62471"}],"version-history":[{"count":1,"href":"https:\/\/elinformanteperu.com\/index.php\/wp-json\/wp\/v2\/posts\/62471\/revisions"}],"predecessor-version":[{"id":62473,"href":"https:\/\/elinformanteperu.com\/index.php\/wp-json\/wp\/v2\/posts\/62471\/revisions\/62473"}],"wp:featuredmedia":[{"embeddable":true,"href":"https:\/\/elinformanteperu.com\/index.php\/wp-json\/wp\/v2\/media\/62472"}],"wp:attachment":[{"href":"https:\/\/elinformanteperu.com\/index.php\/wp-json\/wp\/v2\/media?parent=62471"}],"wp:term":[{"taxonomy":"category","embeddable":true,"href":"https:\/\/elinformanteperu.com\/index.php\/wp-json\/wp\/v2\/categories?post=62471"},{"taxonomy":"post_tag","embeddable":true,"href":"https:\/\/elinformanteperu.com\/index.php\/wp-json\/wp\/v2\/tags?post=62471"}],"curies":[{"name":"wp","href":"https:\/\/api.w.org\/{rel}","templated":true}]}}