{"id":62466,"date":"2019-12-28T02:29:57","date_gmt":"2019-12-28T07:29:57","guid":{"rendered":"http:\/\/elinformanteperu.com\/?p=62466"},"modified":"2019-12-28T02:29:57","modified_gmt":"2019-12-28T07:29:57","slug":"tribunal-de-honor-exhorta-a-candidatos-a-rechazar-discriminacion","status":"publish","type":"post","link":"https:\/\/elinformanteperu.com\/index.php\/2019\/12\/28\/tribunal-de-honor-exhorta-a-candidatos-a-rechazar-discriminacion\/","title":{"rendered":"Tribunal de Honor exhorta a candidatos a rechazar discriminaci\u00f3n"},"content":{"rendered":"<p><strong><span style=\"color: #000000;\">El Tribunal de Honor del Pacto \u00c9tico Electoral exhort\u00f3 a las organizaciones pol\u00edticas que participan en las elecciones congresales 2020 a rechazar la discriminaci\u00f3n.<\/span><\/strong><\/p>\n<p><span style=\"color: #000000;\"><strong>Lima, 27 Diciembre 2019, (ANDINA).-<\/strong> El Tribunal de Honor del Pacto \u00c9tico Electoral exhort\u00f3 a las organizaciones pol\u00edticas que participan en las elecciones congresales 2020 a rechazar la discriminaci\u00f3n por edad, g\u00e9nero, raza, nacionalidad, grado de instrucci\u00f3n, cultura o cualquier otro motivo.<\/span><\/p>\n<p><span style=\"color: #000000;\">En un comunicado, llam\u00f3 a los candidatos a desarrollar una campa\u00f1a electoral responsable, respetuosa y veraz, cuidando de que no se produzcan actitudes ni discursos discriminatorios.<\/span><\/p>\n<p><span style=\"color: #000000;\">Record\u00f3 que las agrupaciones pol\u00edticas que firmaron el Pacto \u00c9tico Electoral se comprometieron a \u201crechazar y erradicar<\/span><br \/>\n<span style=\"color: #000000;\">cualquier tipo de discriminaci\u00f3n hacia una persona o grupos de personas por raz\u00f3n de raza, etnia, sexo, orientaci\u00f3n sexual, identidad de g\u00e9nero, edad, procedencia, religi\u00f3n\u00bb.<\/span><\/p>\n<p><span style=\"color: #000000;\">Asimismo, aceptaron evitar toda pr\u00e1ctica difamatoria y xenof\u00f3bica que atente contra la dignidad de las personas, y todo acto de acoso y violencia pol\u00edtica que vulnere o amenace el ejercicio de los derechos fundamentales, en especial el de participaci\u00f3n pol\u00edtica de las mujeres.<\/span><\/p>\n<p><span style=\"color: #000000;\">El tribunal precis\u00f3 que las agrupaciones participantes se comprometieron a priorizar la exposici\u00f3n de sus propuestas program\u00e1ticas en los medios de comunicaci\u00f3n.<\/span><\/p>\n<p><span style=\"color: #000000;\">Adem\u00e1s, se\u00f1al\u00f3 que respeta la libertad de expresi\u00f3n y los derechos fundamentales de todas las personas sin ning\u00fan tipo de discriminaci\u00f3n, en armon\u00eda con los principios \u00e9ticos que deben guiar todo proceso electoral democr\u00e1tico y que est\u00e1n contenidos en el Pacto \u00c9tico Electoral.<\/span><\/p>\n<p><span style=\"color: #000000;\">El pasado 30 de octubre, el pleno del Jurado Nacional de Elecciones (JNE) design\u00f3 a los integrantes del Tribunal de Honor, encargado de velar por el cumplimiento de los compromisos del Pacto \u00c9tico Electoral con miras a los comicios congresales del 26 de enero pr\u00f3ximo.<\/span><\/p>\n<p><span style=\"color: #000000;\">Est\u00e1 integrado por los juristas Gast\u00f3n Soto Vallenas, Violeta Berm\u00fadez Valdivia y Oswaldo Hundskopf Exebio, as\u00ed como por la doctora en historia Claudia Rosas Lauro y la escritora y poeta Giovanna Pollarolo Giglio.<\/span><\/p>\n","protected":false},"excerpt":{"rendered":"<p>El Tribunal de Honor del Pacto \u00c9tico Electoral exhort\u00f3 a las organizaciones pol\u00edticas que participan en las elecciones congresales 2020 a rechazar la discriminaci\u00f3n. Lima, 27 Diciembre 2019, (ANDINA).- El Tribunal de Honor del Pacto \u00c9tico Electoral exhort\u00f3 a las organizaciones pol\u00edticas que participan en las elecciones congresales 2020 a rechazar la discriminaci\u00f3n por edad, [&hellip;]<\/p>\n","protected":false},"author":1,"featured_media":61292,"comment_status":"open","ping_status":"open","sticky":false,"template":"","format":"standard","meta":{"rop_custom_images_group":[],"rop_custom_messages_group":[],"rop_publish_now":"initial","rop_publish_now_accounts":[],"rop_publish_now_history":[],"rop_publish_now_status":"pending","footnotes":""},"categories":[5],"tags":[4898,185],"class_list":["post-62466","post","type-post","status-publish","format-standard","has-post-thumbnail","hentry","category-actualidad-informativa","tag-elecciones-parlamentarias-2020","tag-jurado-nacional-de-elecciones"],"_links":{"self":[{"href":"https:\/\/elinformanteperu.com\/index.php\/wp-json\/wp\/v2\/posts\/62466","targetHints":{"allow":["GET"]}}],"collection":[{"href":"https:\/\/elinformanteperu.com\/index.php\/wp-json\/wp\/v2\/posts"}],"about":[{"href":"https:\/\/elinformanteperu.com\/index.php\/wp-json\/wp\/v2\/types\/post"}],"author":[{"embeddable":true,"href":"https:\/\/elinformanteperu.com\/index.php\/wp-json\/wp\/v2\/users\/1"}],"replies":[{"embeddable":true,"href":"https:\/\/elinformanteperu.com\/index.php\/wp-json\/wp\/v2\/comments?post=62466"}],"version-history":[{"count":1,"href":"https:\/\/elinformanteperu.com\/index.php\/wp-json\/wp\/v2\/posts\/62466\/revisions"}],"predecessor-version":[{"id":62467,"href":"https:\/\/elinformanteperu.com\/index.php\/wp-json\/wp\/v2\/posts\/62466\/revisions\/62467"}],"wp:featuredmedia":[{"embeddable":true,"href":"https:\/\/elinformanteperu.com\/index.php\/wp-json\/wp\/v2\/media\/61292"}],"wp:attachment":[{"href":"https:\/\/elinformanteperu.com\/index.php\/wp-json\/wp\/v2\/media?parent=62466"}],"wp:term":[{"taxonomy":"category","embeddable":true,"href":"https:\/\/elinformanteperu.com\/index.php\/wp-json\/wp\/v2\/categories?post=62466"},{"taxonomy":"post_tag","embeddable":true,"href":"https:\/\/elinformanteperu.com\/index.php\/wp-json\/wp\/v2\/tags?post=62466"}],"curies":[{"name":"wp","href":"https:\/\/api.w.org\/{rel}","templated":true}]}}