{"id":62463,"date":"2019-12-28T02:27:47","date_gmt":"2019-12-28T07:27:47","guid":{"rendered":"http:\/\/elinformanteperu.com\/?p=62463"},"modified":"2019-12-28T02:27:47","modified_gmt":"2019-12-28T07:27:47","slug":"fiscalia-dispone-pericia-contable-sobre-patrimonio-de-keiko-fujimori","status":"publish","type":"post","link":"https:\/\/elinformanteperu.com\/index.php\/2019\/12\/28\/fiscalia-dispone-pericia-contable-sobre-patrimonio-de-keiko-fujimori\/","title":{"rendered":"Fiscal\u00eda dispone pericia contable sobre patrimonio de Keiko Fujimori"},"content":{"rendered":"<p><strong><span style=\"color: #000000;\">El Ministerio P\u00fablico dispuso que se lleve a cabo una pericia contable financiera para determinar la situaci\u00f3n patrimonial de Keiko Fujimori y su esposo Mark Vito Villanella.<\/span><\/strong><\/p>\n<p><span style=\"color: #000000;\"><strong>Lima, 27 Diciembre 2019, (ANDINA).-<\/strong> El Ministerio P\u00fablico dispuso que se lleve a cabo una pericia contable financiera que permita determinar la situaci\u00f3n patrimonial de la excandidata Keiko Fujimori y su esposo Mark Vito Villanella, informaron medios locales.<\/span><\/p>\n<p><span style=\"color: #000000;\">Dicha pericia se realizar\u00e1 en el periodo comprendido entre el 1 de enero de 2010 y el 30 de noviembre de 2019.<\/span><\/p>\n<p><span style=\"color: #000000;\">Ser\u00e1n cuatro los peritos encargados de la elaboraci\u00f3n de los informes correspondientes, previa evaluaci\u00f3n de la documentaci\u00f3n que se tiene sobre el tema en el Ministerio P\u00fablico.<\/span><\/p>\n<p><span style=\"color: #000000;\">De ser el caso, podr\u00e1n solicitar informaci\u00f3n a los entidades o investigados.<\/span><\/p>\n<p><span style=\"color: #000000;\">La Fiscal\u00eda investiga a Mark Vito Villanella por presunto delito de lavado de activos, a trav\u00e9s de su empresa Bienes Ra\u00edces S.A.C., por la compra de dos lotes de terreno en el distrito de Chilca.<\/span><\/p>\n<p><span style=\"color: #000000;\">Por su parte, Keiko Fujimori es investigada por presuntamente haber recibido aportes il\u00edcitos de la empresa Odebrecht para financiar las campa\u00f1as electorales de Fuerza 2011 y Fuerza Popular.<\/span><\/p>\n<p><span style=\"color: #000000;\">El Cuarto Juzgado de Investigaci\u00f3n Preparatoria del Poder Judicial reprogram\u00f3 para el s\u00e1bado 28 de diciembre, a las 09:00 horas, la audiencia para evaluar el nuevo pedido de 36 meses de prisi\u00f3n preventiva contra Fujimori Higuchi.<\/span><\/p>\n<p><span style=\"color: #000000;\">El juez V\u00edctor Zu\u00f1iga Urday tom\u00f3 hoy esta decisi\u00f3n luego de que la abogada Giulliana Loza, defensa legal de la lideresa de Fuerza Popular, indic\u00f3 que fue no notificada debidamente por el Ministerio P\u00fablico del nuevo requerimiento contra su patrocinada.<\/span><\/p>\n","protected":false},"excerpt":{"rendered":"<p>El Ministerio P\u00fablico dispuso que se lleve a cabo una pericia contable financiera para determinar la situaci\u00f3n patrimonial de Keiko Fujimori y su esposo Mark Vito Villanella. Lima, 27 Diciembre 2019, (ANDINA).- El Ministerio P\u00fablico dispuso que se lleve a cabo una pericia contable financiera que permita determinar la situaci\u00f3n patrimonial de la excandidata Keiko [&hellip;]<\/p>\n","protected":false},"author":1,"featured_media":62464,"comment_status":"open","ping_status":"open","sticky":false,"template":"","format":"standard","meta":{"rop_custom_images_group":[],"rop_custom_messages_group":[],"rop_publish_now":"initial","rop_publish_now_accounts":[],"rop_publish_now_history":[],"rop_publish_now_status":"pending","footnotes":""},"categories":[5],"tags":[557,3770,619],"class_list":["post-62463","post","type-post","status-publish","format-standard","has-post-thumbnail","hentry","category-actualidad-informativa","tag-keiko-fujimori","tag-mark-vito-villanella","tag-odebrecht"],"_links":{"self":[{"href":"https:\/\/elinformanteperu.com\/index.php\/wp-json\/wp\/v2\/posts\/62463","targetHints":{"allow":["GET"]}}],"collection":[{"href":"https:\/\/elinformanteperu.com\/index.php\/wp-json\/wp\/v2\/posts"}],"about":[{"href":"https:\/\/elinformanteperu.com\/index.php\/wp-json\/wp\/v2\/types\/post"}],"author":[{"embeddable":true,"href":"https:\/\/elinformanteperu.com\/index.php\/wp-json\/wp\/v2\/users\/1"}],"replies":[{"embeddable":true,"href":"https:\/\/elinformanteperu.com\/index.php\/wp-json\/wp\/v2\/comments?post=62463"}],"version-history":[{"count":1,"href":"https:\/\/elinformanteperu.com\/index.php\/wp-json\/wp\/v2\/posts\/62463\/revisions"}],"predecessor-version":[{"id":62465,"href":"https:\/\/elinformanteperu.com\/index.php\/wp-json\/wp\/v2\/posts\/62463\/revisions\/62465"}],"wp:featuredmedia":[{"embeddable":true,"href":"https:\/\/elinformanteperu.com\/index.php\/wp-json\/wp\/v2\/media\/62464"}],"wp:attachment":[{"href":"https:\/\/elinformanteperu.com\/index.php\/wp-json\/wp\/v2\/media?parent=62463"}],"wp:term":[{"taxonomy":"category","embeddable":true,"href":"https:\/\/elinformanteperu.com\/index.php\/wp-json\/wp\/v2\/categories?post=62463"},{"taxonomy":"post_tag","embeddable":true,"href":"https:\/\/elinformanteperu.com\/index.php\/wp-json\/wp\/v2\/tags?post=62463"}],"curies":[{"name":"wp","href":"https:\/\/api.w.org\/{rel}","templated":true}]}}