{"id":62460,"date":"2019-12-28T02:22:51","date_gmt":"2019-12-28T07:22:51","guid":{"rendered":"http:\/\/elinformanteperu.com\/?p=62460"},"modified":"2019-12-28T02:22:51","modified_gmt":"2019-12-28T07:22:51","slug":"du-039-respeta-monto-del-presupuesto-aprobado-para-el-proximo-ano","status":"publish","type":"post","link":"https:\/\/elinformanteperu.com\/index.php\/2019\/12\/28\/du-039-respeta-monto-del-presupuesto-aprobado-para-el-proximo-ano\/","title":{"rendered":"DU 039 respeta monto del Presupuesto aprobado para el pr\u00f3ximo a\u00f1o"},"content":{"rendered":"<p><strong><span style=\"color: #000000;\">El Decreto de Urgencia 039 respeta el monto total del Presupuesto aprobado para el pr\u00f3ximo a\u00f1o, cuya cifra est\u00e1 cerrada, afirm\u00f3 la ministra de Econom\u00eda y Finanzas, Mar\u00eda Antonieta Alva.<\/span><\/strong><\/p>\n<p><span style=\"color: #000000;\"><strong>Lima, 27 Diciembre 2019, (ANDINA).-<\/strong> El Decreto de Urgencia 039, que establece medidas extraordinarias en materia presupuestaria que contribuyen a la ejecuci\u00f3n del gasto p\u00fablico en los a\u00f1os fiscales 2019 y 2020, respeta el monto total del Presupuesto aprobado para el pr\u00f3ximo a\u00f1o, cuya cifra est\u00e1 cerrada, y lo que habilita son modificaciones para mejorar la calidad del gasto, afirm\u00f3 la ministra de Econom\u00eda y Finanzas, Mar\u00eda Antonieta Alva.<\/span><\/p>\n<p><span style=\"color: #000000;\">Detall\u00f3 que, entre las habilitaciones m\u00e1s importantes establecidas en la norma, se encuentra una transferencia a realizarse en los primeros d\u00edas de enero, de hasta 343 millones de soles, para concluir con el proceso de elecciones del 26 de ese mes. \u201cEstos recursos se suman a los 142 millones que ya fueron transferidos en el \u00faltimo trimestre de este a\u00f1o\u201d.<\/span><\/p>\n<p><span style=\"color: #000000;\">Asimismo, la titular del MEF explic\u00f3 que se incluyeron algunas medidas para garantizar una adecuada ejecuci\u00f3n de inversiones.<\/span><\/p>\n<p><span style=\"color: #000000;\">\u201cSe destinar\u00e1n 150 millones de soles en un instrumento de incentivos para la ejecuci\u00f3n de los presupuestos de los gobiernos regionales y locales, as\u00ed como una asignaci\u00f3n de 120 millones de soles para el financiamiento de expedientes t\u00e9cnicos de obras prioritarias de estas autoridades\u201d, precis\u00f3 Alva.<\/span><\/p>\n<p><span style=\"color: #000000;\">Del mismo modo, destac\u00f3 transferencias para atender algunas prioridades. \u201cPor ejemplo, una de 80 millones de soles por parte del Ministerio de Educaci\u00f3n (Minedu) a los gobiernos regionales para garantizar un buen inicio del a\u00f1o escolar 2020; una transferencia aproximada de 117 millones de soles por parte del Ministerio de Transportes y Comunicaciones (MTC) a la Autoridad de Transporte Urbano (ATU), y ciertas habilitaciones para que la Superintendencia Nacional de Administraci\u00f3n Tributaria y Adunas (Sunat) pueda transferir hasta 8 millones de soles a la Fiscal\u00eda de la Naci\u00f3n para su fortalecimiento en materia ambiental y tr\u00e1fico il\u00edcito de drogas\u201d, asever\u00f3.<\/span><\/p>\n<p><span style=\"color: #000000;\">La titular del MEF tambi\u00e9n destac\u00f3 la autorizaci\u00f3n de transferencias destinadas al fortalecimiento del Instituto Nacional de Defensa de la Competencia y Protecci\u00f3n de la Propiedad Intelectual (Indecopi), para la implementaci\u00f3n del Decreto de Urgencia de control de fusiones, el cual fue aprobado recientemente; y una autorizaci\u00f3n para la publicaci\u00f3n de un Decreto Supremo que establezca la compensaci\u00f3n econ\u00f3mica para la Junta Nacional de Justicia.<\/span><\/p>\n","protected":false},"excerpt":{"rendered":"<p>El Decreto de Urgencia 039 respeta el monto total del Presupuesto aprobado para el pr\u00f3ximo a\u00f1o, cuya cifra est\u00e1 cerrada, afirm\u00f3 la ministra de Econom\u00eda y Finanzas, Mar\u00eda Antonieta Alva. Lima, 27 Diciembre 2019, (ANDINA).- El Decreto de Urgencia 039, que establece medidas extraordinarias en materia presupuestaria que contribuyen a la ejecuci\u00f3n del gasto p\u00fablico [&hellip;]<\/p>\n","protected":false},"author":1,"featured_media":62461,"comment_status":"open","ping_status":"open","sticky":false,"template":"","format":"standard","meta":{"rop_custom_images_group":[],"rop_custom_messages_group":[],"rop_publish_now":"initial","rop_publish_now_accounts":[],"rop_publish_now_history":[],"rop_publish_now_status":"pending","footnotes":""},"categories":[5],"tags":[4900,315,314],"class_list":["post-62460","post","type-post","status-publish","format-standard","has-post-thumbnail","hentry","category-actualidad-informativa","tag-maria-antonieta-alva","tag-mef","tag-ministerio-de-economia-y-finanzas"],"_links":{"self":[{"href":"https:\/\/elinformanteperu.com\/index.php\/wp-json\/wp\/v2\/posts\/62460","targetHints":{"allow":["GET"]}}],"collection":[{"href":"https:\/\/elinformanteperu.com\/index.php\/wp-json\/wp\/v2\/posts"}],"about":[{"href":"https:\/\/elinformanteperu.com\/index.php\/wp-json\/wp\/v2\/types\/post"}],"author":[{"embeddable":true,"href":"https:\/\/elinformanteperu.com\/index.php\/wp-json\/wp\/v2\/users\/1"}],"replies":[{"embeddable":true,"href":"https:\/\/elinformanteperu.com\/index.php\/wp-json\/wp\/v2\/comments?post=62460"}],"version-history":[{"count":1,"href":"https:\/\/elinformanteperu.com\/index.php\/wp-json\/wp\/v2\/posts\/62460\/revisions"}],"predecessor-version":[{"id":62462,"href":"https:\/\/elinformanteperu.com\/index.php\/wp-json\/wp\/v2\/posts\/62460\/revisions\/62462"}],"wp:featuredmedia":[{"embeddable":true,"href":"https:\/\/elinformanteperu.com\/index.php\/wp-json\/wp\/v2\/media\/62461"}],"wp:attachment":[{"href":"https:\/\/elinformanteperu.com\/index.php\/wp-json\/wp\/v2\/media?parent=62460"}],"wp:term":[{"taxonomy":"category","embeddable":true,"href":"https:\/\/elinformanteperu.com\/index.php\/wp-json\/wp\/v2\/categories?post=62460"},{"taxonomy":"post_tag","embeddable":true,"href":"https:\/\/elinformanteperu.com\/index.php\/wp-json\/wp\/v2\/tags?post=62460"}],"curies":[{"name":"wp","href":"https:\/\/api.w.org\/{rel}","templated":true}]}}