{"id":62454,"date":"2019-12-28T02:04:12","date_gmt":"2019-12-28T07:04:12","guid":{"rendered":"http:\/\/elinformanteperu.com\/?p=62454"},"modified":"2019-12-28T02:04:12","modified_gmt":"2019-12-28T07:04:12","slug":"decreto-de-urgencia-gobierno-destina-partida-de-s-37-millones-para-beca-traslado","status":"publish","type":"post","link":"https:\/\/elinformanteperu.com\/index.php\/2019\/12\/28\/decreto-de-urgencia-gobierno-destina-partida-de-s-37-millones-para-beca-traslado\/","title":{"rendered":"Decreto de Urgencia: Gobierno destina partida de S\/ 37 millones para Beca Traslado"},"content":{"rendered":"<p><strong><span style=\"color: #000000;\">M\u00e1s de 3,000 estudiantes de las universidades que no lograron el licenciamiento de la Sunedu podr\u00e1n beneficiarse en los pr\u00f3ximos meses con la Beca Traslado.<\/span><\/strong><\/p>\n<p><span style=\"color: #000000;\"><strong>Lima, 27 Diciembre 2019, (ANDINA).-<\/strong> M\u00e1s de 3,000 estudiantes de las universidades que no lograron el licenciamiento de la Sunedu podr\u00e1n beneficiarse en los pr\u00f3ximos meses con la Beca Traslado, mecanismo para el cual el Estado destinar\u00e1, en 2020, una partida especial de 37 millones de soles.<\/span><\/p>\n<p><span style=\"color: #000000;\">Al t\u00e9rmino de la sesi\u00f3n del Consejo de Ministros de hoy, la titular de Educaci\u00f3n, Flor Pablo, explic\u00f3 que el Gobierno maneja varias alternativas para garantizar que los alumnos de las instituciones con licencia denegada puedan continuar sus estudios superiores.<\/span><\/p>\n<p><span style=\"color: #000000;\">\u201cHoy hemos aprobado un Decreto de Urgencia que autoriza al Ministerio de Educaci\u00f3n a financiar diversos mecanismos para la incorporaci\u00f3n de estudiantes de universidades con licencia denegada a universidades p\u00fablicas ya licenciadas\u201d, explic\u00f3 la funcionaria.<\/span><\/p>\n<p><span style=\"color: #000000;\">Precis\u00f3 que una de estas alternativas es la Beca Traslado, cuyos recursos \u201cya est\u00e1n previstos para el siguiente a\u00f1o\u201d y que ser\u00e1 otorgada por el Programa Nacional de Becas y Cr\u00e9dito Educativo (Pronabec) con est\u00e1ndares similares a los que aplica para Beca 18.<\/span><\/p>\n<p><strong><span style=\"color: #000000;\">Ampliar\u00e1n cobertura<\/span><\/strong><\/p>\n<p><span style=\"color: #000000;\">Por otro lado \u2013dijo Pablo\u2013, esta es tambi\u00e9n una oportunidad para que universidades p\u00fablicas ya licenciadas, como San Marcos, la UNI, San Agust\u00edn y la Universidad Nacional Agraria, puedan \u201cllevar una serie de programas (de estudio y especializaci\u00f3n) a las regiones\u201d.<\/span><\/p>\n<p><span style=\"color: #000000;\">Para ello, el Decreto de Urgencia aprobado hoy habilita al Ministerio de Educaci\u00f3n a realizar transferencias de recursos para que esas universidades p\u00fablicas, ya con licenciamiento, ampl\u00eden su cobertura educativa y acojan a m\u00e1s estudiantes.<\/span><\/p>\n<p><strong><span style=\"color: #000000;\">Reforma universitaria<\/span><\/strong><\/p>\n<p><span style=\"color: #000000;\">El mensaje central es que ac\u00e1 hay una reforma muy importante, la reforma universitaria, que implica licenciar a las instituciones que realmente ofrecen condiciones b\u00e1sicas de calidad a la poblaci\u00f3n estudiantil, coment\u00f3 Flor Pablo.<\/span><\/p>\n<p><span style=\"color: #000000;\">Y si esta reforma interrumpe los estudios o genera alguna situaci\u00f3n que impida a los alumnos continuar con su formaci\u00f3n profesional en su localidad, entonces \u201cel Estado asume su responsabilidad y en ning\u00fan caso los estudiantes se ver\u00e1n perjudicados\u201d, enfatiz\u00f3 la ministra.<\/span><\/p>\n<p><strong><span style=\"color: #000000;\">Tranquilidad para familias<\/span><\/strong><\/p>\n<p><span style=\"color: #000000;\">A\u00f1adi\u00f3 que una vez denegado el licenciamiento, \u201cla universidad tiene dos a\u00f1os para ejecutar un plan de cierre de actividades, por lo tanto, los alumnos que est\u00e1n en los \u00faltimos a\u00f1os pueden terminar sus estudios y sus t\u00edtulos son v\u00e1lidos\u201d.<\/span><\/p>\n<p><span style=\"color: #000000;\">Sin embargo, lo que no puede hacer esa universidad es convocar a nuevos ex\u00e1menes de admisi\u00f3n. Entonces, \u00bfqu\u00e9 hacemos con los estudiantes que est\u00e1n saliendo de la secundaria en los lugares donde la \u00fanica opci\u00f3n de estudios la ofrec\u00eda una universidad no licenciada?, se pregunt\u00f3 la ministra.<\/span><\/p>\n<p><span style=\"color: #000000;\">En esos casos, nosotros, como Ministerio de Educaci\u00f3n, como Gobierno, como Estado, nos hacemos cargo de no perjudicar a ning\u00fan estudiante ni a su familia. \u201cEste Decreto de Urgencia fortalece la reforma universitaria y tambi\u00e9n crea tranquilidad para las familias de los estudiantes respecto a su continuidad en la educaci\u00f3n superior universitaria\u201d, concluy\u00f3.<\/span><\/p>\n<p><span style=\"color: #000000;\">A la fecha, la Superintendencia Nacional de Educaci\u00f3n Superior Universitaria (Sunedu) ha denegado el licenciamiento institucional a 31 universidades privadas y una p\u00fablica, donde estudian un total de 165,679 alumnos.<\/span><\/p>\n","protected":false},"excerpt":{"rendered":"<p>M\u00e1s de 3,000 estudiantes de las universidades que no lograron el licenciamiento de la Sunedu podr\u00e1n beneficiarse en los pr\u00f3ximos meses con la Beca Traslado. Lima, 27 Diciembre 2019, (ANDINA).- M\u00e1s de 3,000 estudiantes de las universidades que no lograron el licenciamiento de la Sunedu podr\u00e1n beneficiarse en los pr\u00f3ximos meses con la Beca Traslado, [&hellip;]<\/p>\n","protected":false},"author":1,"featured_media":62455,"comment_status":"open","ping_status":"open","sticky":false,"template":"","format":"standard","meta":{"rop_custom_images_group":[],"rop_custom_messages_group":[],"rop_publish_now":"initial","rop_publish_now_accounts":[],"rop_publish_now_history":[],"rop_publish_now_status":"pending","footnotes":""},"categories":[10],"tags":[4368,1668,328,720],"class_list":["post-62454","post","type-post","status-publish","format-standard","has-post-thumbnail","hentry","category-actualidad-municipal","tag-flor-pablo-medina","tag-minedu","tag-ministerio-de-de-educacion","tag-sunedu"],"_links":{"self":[{"href":"https:\/\/elinformanteperu.com\/index.php\/wp-json\/wp\/v2\/posts\/62454","targetHints":{"allow":["GET"]}}],"collection":[{"href":"https:\/\/elinformanteperu.com\/index.php\/wp-json\/wp\/v2\/posts"}],"about":[{"href":"https:\/\/elinformanteperu.com\/index.php\/wp-json\/wp\/v2\/types\/post"}],"author":[{"embeddable":true,"href":"https:\/\/elinformanteperu.com\/index.php\/wp-json\/wp\/v2\/users\/1"}],"replies":[{"embeddable":true,"href":"https:\/\/elinformanteperu.com\/index.php\/wp-json\/wp\/v2\/comments?post=62454"}],"version-history":[{"count":1,"href":"https:\/\/elinformanteperu.com\/index.php\/wp-json\/wp\/v2\/posts\/62454\/revisions"}],"predecessor-version":[{"id":62456,"href":"https:\/\/elinformanteperu.com\/index.php\/wp-json\/wp\/v2\/posts\/62454\/revisions\/62456"}],"wp:featuredmedia":[{"embeddable":true,"href":"https:\/\/elinformanteperu.com\/index.php\/wp-json\/wp\/v2\/media\/62455"}],"wp:attachment":[{"href":"https:\/\/elinformanteperu.com\/index.php\/wp-json\/wp\/v2\/media?parent=62454"}],"wp:term":[{"taxonomy":"category","embeddable":true,"href":"https:\/\/elinformanteperu.com\/index.php\/wp-json\/wp\/v2\/categories?post=62454"},{"taxonomy":"post_tag","embeddable":true,"href":"https:\/\/elinformanteperu.com\/index.php\/wp-json\/wp\/v2\/tags?post=62454"}],"curies":[{"name":"wp","href":"https:\/\/api.w.org\/{rel}","templated":true}]}}