{"id":62442,"date":"2019-12-28T01:49:41","date_gmt":"2019-12-28T06:49:41","guid":{"rendered":"http:\/\/elinformanteperu.com\/?p=62442"},"modified":"2019-12-28T01:49:41","modified_gmt":"2019-12-28T06:49:41","slug":"universidades-publicas-podran-acoger-a-estudiantes-de-instituciones-con-licencia-denegada","status":"publish","type":"post","link":"https:\/\/elinformanteperu.com\/index.php\/2019\/12\/28\/universidades-publicas-podran-acoger-a-estudiantes-de-instituciones-con-licencia-denegada\/","title":{"rendered":"Universidades p\u00fablicas podr\u00e1n acoger a estudiantes de instituciones con licencia denegada"},"content":{"rendered":"<p><strong><span style=\"color: #000000;\">El jefe del Gabinete Ministerial, Vicente Zeballos, anunci\u00f3\u00a0 que los estudiantes de universidades privadas a las que se les deneg\u00f3 el licenciamiento puedan ser acogidos por casas de estudio p\u00fablicas.<\/span><\/strong><\/p>\n<p><span style=\"color: #000000;\"><strong>Lima, 27 Diciembre 2019, (ANDINA).-<\/strong> El jefe del Gabinete Ministerial, Vicente Zeballos, anunci\u00f3 que se aprob\u00f3 un decreto de urgencia que permitir\u00e1 que los estudiantes de universidades privadas a las que se les deneg\u00f3 el licenciamiento puedan ser acogidos por casas de estudio p\u00fablicas.<\/span><\/p>\n<p><span style=\"color: #000000;\">En conferencia de prensa, tras una nueva sesi\u00f3n del Consejo de Ministros, Zeballos destac\u00f3 el trabajo de la Superintendencia Nacional de Educaci\u00f3n Superior Universitaria (Sunedu), que viene desarrollando una actividad \u00abobjetiva y especializada\u00bb con la finalidad de garantizar una mejor calidad en la formaci\u00f3n de los estudiantes.<\/span><\/p>\n<p><span style=\"color: #000000;\">\u00abA trav\u00e9s del decreto de urgencia, aprobado hoy, lo que se est\u00e1 haciendo es una habilitaci\u00f3n presupuestal para que las universidades p\u00fablicas puedan acoger a los estudiantes de las universidades a las que se hubiera denegado el licenciamiento. Como Gobierno, estamos pendientes del acontecer de estas universidades, especialmente de los j\u00f3venes universitarios\u00bb, se\u00f1al\u00f3.<\/span><\/p>\n<p><span style=\"color: #000000;\">Zeballos precis\u00f3 que a trav\u00e9s del trabajo de la Sunedu se deneg\u00f3 el licenciamiento institucional a 31 universidades privadas y una p\u00fablica, con lo que se han visto afectados un total 165,679 estudiantes.<\/span><\/p>\n<p><span style=\"color: #000000;\">\u00abObviamente, al denegarse el licenciamiento de estas universidades los estudiantes quedan sometidos a un desconcierto, \u00bfqu\u00e9 hacer con ellos? Hace menos de una semana el Ministerio de Educaci\u00f3n emiti\u00f3 una resoluci\u00f3n directoral otorgando una Beca Traslado, para que los estudiantes de las universidades a las que se neg\u00f3 el licenciamiento puedan continuar en otras universidades\u00bb, refiri\u00f3.<\/span><\/p>\n<p><span style=\"color: #000000;\">El titular del Consejo de Ministros adelant\u00f3 que a\u00fan est\u00e1 pendiente el otorgamiento del licenciamiento a 20 universidades privadas y 5 p\u00fablicas.<\/span><\/p>\n<p><strong><span style=\"color: #000000;\">Otros decretos<\/span><\/strong><\/p>\n<p><span style=\"color: #000000;\">Zeballos anunci\u00f3, asimismo, que se aprob\u00f3 otro decreto de urgencia que promueve las condiciones para el desarrollo agrario, con la finalidad de ampliar las vacaciones de los trabajadores del r\u00e9gimen agrario de 15 a 30 d\u00edas y ampliar la cobertura de las indemnizaciones.<\/span><\/p>\n<p><span style=\"color: #000000;\">Adem\u00e1s, se aprob\u00f3 otro decreto de urgencia para establecer que los trabajadores tendr\u00e1n acceso al seguro de vida ley al d\u00eda siguiente de (iniciar) labores y ya no cuando alcancen un r\u00e9cord de cuatro a\u00f1os.<\/span><\/p>\n<p><span style=\"color: #000000;\">Igualmente, explic\u00f3 que se dispuso a trav\u00e9s del Ministerio de Econom\u00eda y Finanzas, un recurso presupuestal importantepara fortalecer las responsabilidades que tiene la Superintendencia Nacional de Fiscalizaci\u00f3n Laboral (Sunafil).<\/span><\/p>\n","protected":false},"excerpt":{"rendered":"<p>El jefe del Gabinete Ministerial, Vicente Zeballos, anunci\u00f3\u00a0 que los estudiantes de universidades privadas a las que se les deneg\u00f3 el licenciamiento puedan ser acogidos por casas de estudio p\u00fablicas. Lima, 27 Diciembre 2019, (ANDINA).- El jefe del Gabinete Ministerial, Vicente Zeballos, anunci\u00f3 que se aprob\u00f3 un decreto de urgencia que permitir\u00e1 que los estudiantes [&hellip;]<\/p>\n","protected":false},"author":1,"featured_media":62443,"comment_status":"open","ping_status":"open","sticky":false,"template":"","format":"standard","meta":{"rop_custom_images_group":[],"rop_custom_messages_group":[],"rop_publish_now":"initial","rop_publish_now_accounts":[],"rop_publish_now_history":[],"rop_publish_now_status":"pending","footnotes":""},"categories":[5],"tags":[315,314,189,2317,1565,720,477],"class_list":["post-62442","post","type-post","status-publish","format-standard","has-post-thumbnail","hentry","category-actualidad-informativa","tag-mef","tag-ministerio-de-economia-y-finanzas","tag-pcm","tag-presidencia-del-consejo-de-ministros","tag-sunafil","tag-sunedu","tag-vicente-zeballos"],"_links":{"self":[{"href":"https:\/\/elinformanteperu.com\/index.php\/wp-json\/wp\/v2\/posts\/62442","targetHints":{"allow":["GET"]}}],"collection":[{"href":"https:\/\/elinformanteperu.com\/index.php\/wp-json\/wp\/v2\/posts"}],"about":[{"href":"https:\/\/elinformanteperu.com\/index.php\/wp-json\/wp\/v2\/types\/post"}],"author":[{"embeddable":true,"href":"https:\/\/elinformanteperu.com\/index.php\/wp-json\/wp\/v2\/users\/1"}],"replies":[{"embeddable":true,"href":"https:\/\/elinformanteperu.com\/index.php\/wp-json\/wp\/v2\/comments?post=62442"}],"version-history":[{"count":1,"href":"https:\/\/elinformanteperu.com\/index.php\/wp-json\/wp\/v2\/posts\/62442\/revisions"}],"predecessor-version":[{"id":62444,"href":"https:\/\/elinformanteperu.com\/index.php\/wp-json\/wp\/v2\/posts\/62442\/revisions\/62444"}],"wp:featuredmedia":[{"embeddable":true,"href":"https:\/\/elinformanteperu.com\/index.php\/wp-json\/wp\/v2\/media\/62443"}],"wp:attachment":[{"href":"https:\/\/elinformanteperu.com\/index.php\/wp-json\/wp\/v2\/media?parent=62442"}],"wp:term":[{"taxonomy":"category","embeddable":true,"href":"https:\/\/elinformanteperu.com\/index.php\/wp-json\/wp\/v2\/categories?post=62442"},{"taxonomy":"post_tag","embeddable":true,"href":"https:\/\/elinformanteperu.com\/index.php\/wp-json\/wp\/v2\/tags?post=62442"}],"curies":[{"name":"wp","href":"https:\/\/api.w.org\/{rel}","templated":true}]}}