{"id":62437,"date":"2019-12-28T01:40:36","date_gmt":"2019-12-28T06:40:36","guid":{"rendered":"http:\/\/elinformanteperu.com\/?p=62437"},"modified":"2019-12-28T01:40:36","modified_gmt":"2019-12-28T06:40:36","slug":"cusco-reafirma-su-compromiso-por-el-desarrollo-del-aeropuerto-internacional-de-chinchero","status":"publish","type":"post","link":"https:\/\/elinformanteperu.com\/index.php\/2019\/12\/28\/cusco-reafirma-su-compromiso-por-el-desarrollo-del-aeropuerto-internacional-de-chinchero\/","title":{"rendered":"Cusco reafirma su compromiso por el desarrollo del Aeropuerto Internacional de Chinchero"},"content":{"rendered":"<p><strong><span style=\"color: #000000;\">La ejecuci\u00f3n del Aeropuerto Internacional de Chinchero es uno de los principales objetivos del MTC, asegur\u00f3 su titular Edmer Trujillo.<\/span><\/strong><\/p>\n<p><span style=\"color: #000000;\"><strong>Lima, 27 Diciembre 2019, (ANDINA).-<\/strong> La ejecuci\u00f3n del Aeropuerto Internacional de Chinchero es uno de los principales objetivos del Ministerio de Transportes y Comunicaciones (MTC), asegur\u00f3 su titular Edmer Trujillo.<\/span><\/p>\n<p><span style=\"color: #000000;\">Por ello, ratificando la voluntad de di\u00e1logo, el ministro se reuni\u00f3 con los representantes de la comunidad de Yanacona y las autoridades del Gobierno Regional de Cusco, en ese departamento, con el objetivo de informar los cronogramas de trabajo de los proyectos de infraestructura y compromisos asumidos.<\/span><\/p>\n<p><span style=\"color: #000000;\">Trujillo Mori anunci\u00f3 que se conformar\u00e1 un equipo de trabajo para vigilar el cumplimiento de la ejecuci\u00f3n y los proyectos complementarios del Aeropuerto Internacional de Chinchero que permitan un desarrollo arm\u00f3nico en la regi\u00f3n. Precis\u00f3 que la pr\u00f3xima reuni\u00f3n ser\u00e1 en enero de 2020.<\/span><\/p>\n<p><span style=\"color: #000000;\">El MTC trabaja de forma articulada con los tres niveles de gobierno para atender de forma progresiva las necesidades de la poblaci\u00f3n de Chinchero, Huayllabamba y Cusco.<\/span><\/p>\n<p><span style=\"color: #000000;\">Adem\u00e1s, mantiene un di\u00e1logo constante con la poblaci\u00f3n local y las comunidades campesinas involucradas en el futuro terminal aeroportuario.<\/span><\/p>\n<p><span style=\"color: #000000;\">La nueva infraestructura aeroportuaria que se construir\u00e1 en el distrito de Chinchero permitir\u00e1 la llegada y salida de vuelos directos de Bogot\u00e1 (Colombia), Sao Paulo (Brasil), Buenos Aires (Argentina), Santiago (Chile), Guayaquil (Ecuador), entre otras ciudades de Am\u00e9rica.<\/span><\/p>\n<p><span style=\"color: #000000;\">El proceso de construcci\u00f3n para este importante proyecto ya inici\u00f3 y no se detendr\u00e1 hasta su puesta en funcionamiento, lo cual est\u00e1 estimado para finales del 2024.<\/span><\/p>\n<p><strong><span style=\"color: #000000;\">Anillo vial<\/span><\/strong><\/p>\n<p><span style=\"color: #000000;\">Durante la reuni\u00f3n, Trujillo tambi\u00e9n anunci\u00f3 que se construir\u00e1 un anillo vial en la parte posterior del pol\u00edgono del futuro aeropuerto. Se trata de una v\u00eda necesaria para el desarrollo de las comunidades colindantes.<\/span><\/p>\n<p><span style=\"color: #000000;\">El anillo vial se sumar\u00e1 a otras infraestructuras viales, entre ellas, la carretera Huila Huila-Huatata, una de las m\u00e1s esperadas por la poblaci\u00f3n local. La ejecuci\u00f3n se realizar\u00e1 a trav\u00e9s de Provias Descentralizado.<\/span><\/p>\n<p><span style=\"color: #000000;\">En otro momento, Trujillo recalc\u00f3 que el MTC vela por el cumplimiento de los compromisos sociales asumidos en el marco de la construcci\u00f3n y puesta en funcionamiento del mencionado aeropuerto.<\/span><\/p>\n<p><span style=\"color: #000000;\">\u201cNo hay manera de avanzar si solo miramos dentro del pol\u00edgono del Aeropuerto de Chinchero. Es necesario mirar tambi\u00e9n los alrededores y su entorno\u201d, dijo el ministro Trujillo.<\/span><\/p>\n<p><span style=\"color: #000000;\">La jornada laboral cont\u00f3 con la participaci\u00f3n de Jean Paul Benavente, gobernador regional de Cusco; Alfredo Auccapuma, presidente de la comunidad de Yanacona; Luis H\u00e9ctor Cusicuna, alcalde de Chinchero.<\/span><\/p>\n<p><span style=\"color: #000000;\">Tambi\u00e9n estuvo presente Jorge Ar\u00e9valo, jefe de Gabinete de Asesores del MTC; Pastor Paredes, director de la oficina de Gesti\u00f3n y Dialogo del sector, entre otros.<\/span><\/p>\n<p><span style=\"color: #000000;\">El MTC reafirma su compromiso de llevar adelante este importante aeropuerto, en beneficio de todos los peruanos y, en particular, de los ciudadanos de Cusco y el macrorregi\u00f3n sur.<\/span><\/p>\n","protected":false},"excerpt":{"rendered":"<p>La ejecuci\u00f3n del Aeropuerto Internacional de Chinchero es uno de los principales objetivos del MTC, asegur\u00f3 su titular Edmer Trujillo. Lima, 27 Diciembre 2019, (ANDINA).- La ejecuci\u00f3n del Aeropuerto Internacional de Chinchero es uno de los principales objetivos del Ministerio de Transportes y Comunicaciones (MTC), asegur\u00f3 su titular Edmer Trujillo. Por ello, ratificando la voluntad [&hellip;]<\/p>\n","protected":false},"author":1,"featured_media":62438,"comment_status":"open","ping_status":"open","sticky":false,"template":"","format":"standard","meta":{"rop_custom_images_group":[],"rop_custom_messages_group":[],"rop_publish_now":"initial","rop_publish_now_accounts":[],"rop_publish_now_history":[],"rop_publish_now_status":"pending","footnotes":""},"categories":[10],"tags":[1009,3072,318,317],"class_list":["post-62437","post","type-post","status-publish","format-standard","has-post-thumbnail","hentry","category-actualidad-municipal","tag-aeropuerto-de-chinchero","tag-edmer-trujillo","tag-ministerio-de-transportes-y-comunicaciones","tag-mtc"],"_links":{"self":[{"href":"https:\/\/elinformanteperu.com\/index.php\/wp-json\/wp\/v2\/posts\/62437","targetHints":{"allow":["GET"]}}],"collection":[{"href":"https:\/\/elinformanteperu.com\/index.php\/wp-json\/wp\/v2\/posts"}],"about":[{"href":"https:\/\/elinformanteperu.com\/index.php\/wp-json\/wp\/v2\/types\/post"}],"author":[{"embeddable":true,"href":"https:\/\/elinformanteperu.com\/index.php\/wp-json\/wp\/v2\/users\/1"}],"replies":[{"embeddable":true,"href":"https:\/\/elinformanteperu.com\/index.php\/wp-json\/wp\/v2\/comments?post=62437"}],"version-history":[{"count":1,"href":"https:\/\/elinformanteperu.com\/index.php\/wp-json\/wp\/v2\/posts\/62437\/revisions"}],"predecessor-version":[{"id":62439,"href":"https:\/\/elinformanteperu.com\/index.php\/wp-json\/wp\/v2\/posts\/62437\/revisions\/62439"}],"wp:featuredmedia":[{"embeddable":true,"href":"https:\/\/elinformanteperu.com\/index.php\/wp-json\/wp\/v2\/media\/62438"}],"wp:attachment":[{"href":"https:\/\/elinformanteperu.com\/index.php\/wp-json\/wp\/v2\/media?parent=62437"}],"wp:term":[{"taxonomy":"category","embeddable":true,"href":"https:\/\/elinformanteperu.com\/index.php\/wp-json\/wp\/v2\/categories?post=62437"},{"taxonomy":"post_tag","embeddable":true,"href":"https:\/\/elinformanteperu.com\/index.php\/wp-json\/wp\/v2\/tags?post=62437"}],"curies":[{"name":"wp","href":"https:\/\/api.w.org\/{rel}","templated":true}]}}