{"id":62327,"date":"2019-12-26T12:37:18","date_gmt":"2019-12-26T17:37:18","guid":{"rendered":"http:\/\/elinformanteperu.com\/?p=62327"},"modified":"2019-12-26T12:37:18","modified_gmt":"2019-12-26T17:37:18","slug":"junta-nacional-de-justicia-entrevistas-a-candidatos-seran-televisadas","status":"publish","type":"post","link":"https:\/\/elinformanteperu.com\/index.php\/2019\/12\/26\/junta-nacional-de-justicia-entrevistas-a-candidatos-seran-televisadas\/","title":{"rendered":"Junta Nacional de Justicia: entrevistas a candidatos ser\u00e1n televisadas"},"content":{"rendered":"<p><strong><span style=\"color: #000000;\">Las entrevistas a los 29 candidatos a la Junta Nacional de Justicia (JNJ), que se llevar\u00e1n a cabo, ser\u00e1n televisadas, inform\u00f3 la comisi\u00f3n especial encargada.<\/span><\/strong><\/p>\n<p><span style=\"color: #000000;\"><strong>Lima, 26 Diciembre 2019, (ANDINA).-<\/strong> Las entrevistas a los 29 candidatos a la Junta Nacional de Justicia (JNJ), que se llevar\u00e1n a cabo, ser\u00e1n televisadas, inform\u00f3 la comisi\u00f3n especial encargada del concurso p\u00fablico.<\/span><\/p>\n<p><span style=\"color: #000000;\">Seg\u00fan precis\u00f3, las entrevistas ser\u00e1n transmitidas en vivo por la se\u00f1al de Justicia TV, el canal del Poder Judicial.<\/span><\/p>\n<p><span style=\"color: #000000;\">En esta etapa final del concurso, se busca explorar las condiciones personales del postulante, as\u00ed como sus perspectivas y conocimiento del sistema de justicia.<\/span><\/p>\n<p><span style=\"color: #000000;\">Se evaluar\u00e1 la trayectoria profesional (logros en las diferentes etapas profesionales, aprendizajes y oportunidades de mejora), y la solvencia e idoneidad (valores y principios que gu\u00edan su vida e integridad).<\/span><\/p>\n<p><span style=\"color: #000000;\">Asimismo, proyecci\u00f3n personal (expectativas y propuestas en caso de asumir el cargo, desenvolvimiento y capacidad de comunicaci\u00f3n), y los resultados de las pruebas de confianza.<\/span><\/p>\n<p><span style=\"color: #000000;\">Los nombres de los postulantes que logren superar esta etapa, que va hasta el s\u00e1bado, ser\u00e1n publicados en el cuadro de m\u00e9ritos el lunes 30 de diciembre y ser\u00e1n oficialmente electos como miembros de la Junta Nacional de Justicia.<\/span><\/p>\n<p><span style=\"color: #000000;\">La juramentaci\u00f3n de los miembros de la JNJ, organismo que remplazar\u00e1 al disuelto Consejo Nacional de la Magistratura (CNM) est\u00e1 prevista para el 6 de enero del 2020.<\/span><\/p>\n","protected":false},"excerpt":{"rendered":"<p>Las entrevistas a los 29 candidatos a la Junta Nacional de Justicia (JNJ), que se llevar\u00e1n a cabo, ser\u00e1n televisadas, inform\u00f3 la comisi\u00f3n especial encargada. Lima, 26 Diciembre 2019, (ANDINA).- Las entrevistas a los 29 candidatos a la Junta Nacional de Justicia (JNJ), que se llevar\u00e1n a cabo, ser\u00e1n televisadas, inform\u00f3 la comisi\u00f3n especial encargada [&hellip;]<\/p>\n","protected":false},"author":1,"featured_media":57230,"comment_status":"open","ping_status":"open","sticky":false,"template":"","format":"standard","meta":{"rop_custom_images_group":[],"rop_custom_messages_group":[],"rop_publish_now":"initial","rop_publish_now_accounts":[],"rop_publish_now_history":[],"rop_publish_now_status":"pending","footnotes":""},"categories":[5],"tags":[3693,3573,163],"class_list":["post-62327","post","type-post","status-publish","format-standard","has-post-thumbnail","hentry","category-actualidad-informativa","tag-jnj","tag-junta-nacional-de-justicia","tag-poder-judicial"],"_links":{"self":[{"href":"https:\/\/elinformanteperu.com\/index.php\/wp-json\/wp\/v2\/posts\/62327","targetHints":{"allow":["GET"]}}],"collection":[{"href":"https:\/\/elinformanteperu.com\/index.php\/wp-json\/wp\/v2\/posts"}],"about":[{"href":"https:\/\/elinformanteperu.com\/index.php\/wp-json\/wp\/v2\/types\/post"}],"author":[{"embeddable":true,"href":"https:\/\/elinformanteperu.com\/index.php\/wp-json\/wp\/v2\/users\/1"}],"replies":[{"embeddable":true,"href":"https:\/\/elinformanteperu.com\/index.php\/wp-json\/wp\/v2\/comments?post=62327"}],"version-history":[{"count":1,"href":"https:\/\/elinformanteperu.com\/index.php\/wp-json\/wp\/v2\/posts\/62327\/revisions"}],"predecessor-version":[{"id":62328,"href":"https:\/\/elinformanteperu.com\/index.php\/wp-json\/wp\/v2\/posts\/62327\/revisions\/62328"}],"wp:featuredmedia":[{"embeddable":true,"href":"https:\/\/elinformanteperu.com\/index.php\/wp-json\/wp\/v2\/media\/57230"}],"wp:attachment":[{"href":"https:\/\/elinformanteperu.com\/index.php\/wp-json\/wp\/v2\/media?parent=62327"}],"wp:term":[{"taxonomy":"category","embeddable":true,"href":"https:\/\/elinformanteperu.com\/index.php\/wp-json\/wp\/v2\/categories?post=62327"},{"taxonomy":"post_tag","embeddable":true,"href":"https:\/\/elinformanteperu.com\/index.php\/wp-json\/wp\/v2\/tags?post=62327"}],"curies":[{"name":"wp","href":"https:\/\/api.w.org\/{rel}","templated":true}]}}