{"id":62325,"date":"2019-12-26T12:34:39","date_gmt":"2019-12-26T17:34:39","guid":{"rendered":"http:\/\/elinformanteperu.com\/?p=62325"},"modified":"2019-12-26T12:34:39","modified_gmt":"2019-12-26T17:34:39","slug":"fiscalia-puede-solicitar-prision-preventiva-las-veces-que-crea-necesario-afirma-chang","status":"publish","type":"post","link":"https:\/\/elinformanteperu.com\/index.php\/2019\/12\/26\/fiscalia-puede-solicitar-prision-preventiva-las-veces-que-crea-necesario-afirma-chang\/","title":{"rendered":"Fiscal\u00eda puede solicitar prisi\u00f3n preventiva las veces que crea necesario, afirma Chang"},"content":{"rendered":"<p><strong><span style=\"color: #000000;\">La abogada penalista Romy Chang se\u00f1al\u00f3 que la medida de prisi\u00f3n preventiva es muy variable y depende de la circunstancia del investigado.<\/span><\/strong><\/p>\n<p><span style=\"color: #000000;\"><strong>Lima, 26 Diciembre 2019, (ANDINA).-<\/strong> La abogada penalista Romy Chang se\u00f1al\u00f3 que la medida de prisi\u00f3n preventiva es muy variable y depende de la circunstancia del investigado durante el proceso para que el Ministerio P\u00fablico formule dicho requerimiento.<\/span><\/p>\n<p><span style=\"color: #000000;\">\u00abLa situaci\u00f3n de una misma persona puede cambiar a lo largo del proceso. Y de repente en un primer momento puede ser que no haya habido riesgo de fuga, y despu\u00e9s se descubre que s\u00ed \u00ab, dijo Chang al comentar el nuevo pedido de prisi\u00f3n preventiva contra Keiko Fujimori.<\/span><\/p>\n<p><span style=\"color: #000000;\">Bajo esa l\u00f3gica, refiri\u00f3, la Fiscal\u00eda puede solicitar la prisi\u00f3n preventiva cuantas veces considere necesario en funci\u00f3n a c\u00f3mo vaya cambiando el proceso.<\/span><\/p>\n<p><span style=\"color: #000000;\">\u201cEl asunto es que tiene que haber alg\u00fan cambio, algo que motive que la situaci\u00f3n del procesado ahora s\u00ed genere un riesgo de fuga u obstaculizaci\u00f3n. Eso es lo que va a tener que demostrar el Ministerio P\u00fablico en el caso Fujimori\u201d, declar\u00f3 Chang a la la Agencia Andina.<\/span><\/p>\n<p><span style=\"color: #000000;\">No obstante, la abogada penalista consider\u00f3 que al fiscal Jos\u00e9 Domingo P\u00e9rez le est\u00e1 generando complicaciones el hecho de que hasta ahora no presente la acusaci\u00f3n contra la lideresa de Fuerza Popular.<\/span><\/p>\n<p><span style=\"color: #000000;\">\u201cVamos a ver qu\u00e9 resuelve el Poder Judicial, pero creo que el fiscal deber\u00eda enfocar sus esfuerzos en, primero, presentar la acusaci\u00f3n y luego, eventualmente, evaluar si corresponde o no corresponde que plantee una prisi\u00f3n preventiva\u201d, expres\u00f3.<\/span><\/p>\n<p><span style=\"color: #000000;\">Por ello, consider\u00f3 que cuando P\u00e9rez G\u00f3mez haya formulado la acusaci\u00f3n, tenga algo mucho m\u00e1s concreto, y est\u00e9 m\u00e1s cercana una posible sentencia, entonces all\u00ed podr\u00eda requerir otra vez la reclusi\u00f3n preventiva.<\/span><\/p>\n<p><span style=\"color: #000000;\">El Poder Judicial evaluar\u00e1 ma\u00f1ana un nuevo pedido de 36 meses de prisi\u00f3n preventiva contra Keiko Fujimori, como parte de la investigaci\u00f3n que se le sigue por el caso Odebrecht.<\/span><\/p>\n","protected":false},"excerpt":{"rendered":"<p>La abogada penalista Romy Chang se\u00f1al\u00f3 que la medida de prisi\u00f3n preventiva es muy variable y depende de la circunstancia del investigado. Lima, 26 Diciembre 2019, (ANDINA).- La abogada penalista Romy Chang se\u00f1al\u00f3 que la medida de prisi\u00f3n preventiva es muy variable y depende de la circunstancia del investigado durante el proceso para que el [&hellip;]<\/p>\n","protected":false},"author":1,"featured_media":61526,"comment_status":"open","ping_status":"open","sticky":false,"template":"","format":"standard","meta":{"rop_custom_images_group":[],"rop_custom_messages_group":[],"rop_publish_now":"initial","rop_publish_now_accounts":[],"rop_publish_now_history":[],"rop_publish_now_status":"pending","footnotes":""},"categories":[5],"tags":[557,619,4547],"class_list":["post-62325","post","type-post","status-publish","format-standard","has-post-thumbnail","hentry","category-actualidad-informativa","tag-keiko-fujimori","tag-odebrecht","tag-romy-chang"],"_links":{"self":[{"href":"https:\/\/elinformanteperu.com\/index.php\/wp-json\/wp\/v2\/posts\/62325","targetHints":{"allow":["GET"]}}],"collection":[{"href":"https:\/\/elinformanteperu.com\/index.php\/wp-json\/wp\/v2\/posts"}],"about":[{"href":"https:\/\/elinformanteperu.com\/index.php\/wp-json\/wp\/v2\/types\/post"}],"author":[{"embeddable":true,"href":"https:\/\/elinformanteperu.com\/index.php\/wp-json\/wp\/v2\/users\/1"}],"replies":[{"embeddable":true,"href":"https:\/\/elinformanteperu.com\/index.php\/wp-json\/wp\/v2\/comments?post=62325"}],"version-history":[{"count":1,"href":"https:\/\/elinformanteperu.com\/index.php\/wp-json\/wp\/v2\/posts\/62325\/revisions"}],"predecessor-version":[{"id":62326,"href":"https:\/\/elinformanteperu.com\/index.php\/wp-json\/wp\/v2\/posts\/62325\/revisions\/62326"}],"wp:featuredmedia":[{"embeddable":true,"href":"https:\/\/elinformanteperu.com\/index.php\/wp-json\/wp\/v2\/media\/61526"}],"wp:attachment":[{"href":"https:\/\/elinformanteperu.com\/index.php\/wp-json\/wp\/v2\/media?parent=62325"}],"wp:term":[{"taxonomy":"category","embeddable":true,"href":"https:\/\/elinformanteperu.com\/index.php\/wp-json\/wp\/v2\/categories?post=62325"},{"taxonomy":"post_tag","embeddable":true,"href":"https:\/\/elinformanteperu.com\/index.php\/wp-json\/wp\/v2\/tags?post=62325"}],"curies":[{"name":"wp","href":"https:\/\/api.w.org\/{rel}","templated":true}]}}