{"id":62062,"date":"2019-12-19T02:19:11","date_gmt":"2019-12-19T07:19:11","guid":{"rendered":"http:\/\/elinformanteperu.com\/?p=62062"},"modified":"2019-12-19T02:19:11","modified_gmt":"2019-12-19T07:19:11","slug":"sardon-reflexion-democratica-apoyo-a-23-candidatos-de-diversas-tiendas-politicas-en-2011","status":"publish","type":"post","link":"https:\/\/elinformanteperu.com\/index.php\/2019\/12\/19\/sardon-reflexion-democratica-apoyo-a-23-candidatos-de-diversas-tiendas-politicas-en-2011\/","title":{"rendered":"Sard\u00f3n: Reflexi\u00f3n Democr\u00e1tica apoy\u00f3 a 23 candidatos de diversas tiendas pol\u00edticas en 2011"},"content":{"rendered":"<p><strong><span style=\"color: #000000;\">La asociaci\u00f3n civil Reflexi\u00f3n Democr\u00e1tica (RD) apoy\u00f3 en el 2011 a 23 candidatos al Congreso de diferentes partidos, entre ellos ocho fujimoristas.<\/span><\/strong><\/p>\n<p><span style=\"color: #000000;\"><strong>Lima, 18 Diciembre 2019, (ANDINA).-<\/strong> La asociaci\u00f3n civil Reflexi\u00f3n Democr\u00e1tica (RD) apoy\u00f3 en el 2011 a 23 candidatos al Congreso de diferentes partidos, entre ellos ocho fujimoristas, afirm\u00f3 el miembro del Tribunal Constitucional (TC), Jos\u00e9 Luis Sard\u00f3n.<\/span><\/p>\n<p><span style=\"color: #000000;\">Mediante las redes sociales, el magistrado aclar\u00f3 las declaraciones brindadas a la prensa por el fiscal del equipo especial Lava Jato, Jos\u00e9 Domingo P\u00e9rez, quien le tom\u00f3 su testimonio sobre el papel de la citada organizaci\u00f3n en canalizar aportes a postulantes al Parlamento.<\/span><\/p>\n<p><span style=\"color: #000000;\">Sard\u00f3n precis\u00f3 que \u00e9l fue solo un vocal del Consejo Directivo de Reflexi\u00f3n Democr\u00e1tica, no su director.<\/span><\/p>\n<p><span style=\"color: #000000;\">En 2011, la selecci\u00f3n para apoyar a los 23 candidatos la efectu\u00f3 un jurado de rectores de las universidades de San Marcos, Pac\u00edfico, Lima y Peruana de Ciencias Aplicadas (UPC). \u201cNo tuve nada que ver en ello\u201d, agreg\u00f3.<\/span><\/p>\n<p><span style=\"color: #000000;\">Ese a\u00f1o, las autoridades acad\u00e9micas encargadas de este proceso fueron Manuel Burga, Felipe Ortiz de Zevallos, Ilse Wisotzki y Luis Bustamante, respectivamente, agreg\u00f3.<\/span><\/p>\n<p><span style=\"color: #000000;\">De acuerdo con el programa Impulso para un mejor Congreso 2011-2016, entre los que recibieron un apoyo en su candidatura estaban Luis Galarreta (Alianza por el Gran Cambio), Guillermo Gonzales Arica (Per\u00fa Posible), Carmen Ju\u00e1rez Gallegos (Solidaridad Nacional) y Nidia V\u00edlchez (Partido Aprista Peruano).<\/span><\/p>\n<p><span style=\"color: #000000;\">Los fujimoristas eran Anyela Palomino, Wilder Ruiz, Luz Salgado, Guido Luciani, Cecilia Chac\u00f3n, Alejando Aguinaga, Juan Dias Dios y Gonzalo Romero de la Puente.<\/span><\/p>\n","protected":false},"excerpt":{"rendered":"<p>La asociaci\u00f3n civil Reflexi\u00f3n Democr\u00e1tica (RD) apoy\u00f3 en el 2011 a 23 candidatos al Congreso de diferentes partidos, entre ellos ocho fujimoristas. Lima, 18 Diciembre 2019, (ANDINA).- La asociaci\u00f3n civil Reflexi\u00f3n Democr\u00e1tica (RD) apoy\u00f3 en el 2011 a 23 candidatos al Congreso de diferentes partidos, entre ellos ocho fujimoristas, afirm\u00f3 el miembro del Tribunal Constitucional [&hellip;]<\/p>\n","protected":false},"author":1,"featured_media":57788,"comment_status":"open","ping_status":"open","sticky":false,"template":"","format":"standard","meta":{"rop_custom_images_group":[],"rop_custom_messages_group":[],"rop_publish_now":"initial","rop_publish_now_accounts":[],"rop_publish_now_history":[],"rop_publish_now_status":"pending","footnotes":""},"categories":[5],"tags":[4889],"class_list":["post-62062","post","type-post","status-publish","format-standard","has-post-thumbnail","hentry","category-actualidad-informativa","tag-jose-luis-sardon"],"_links":{"self":[{"href":"https:\/\/elinformanteperu.com\/index.php\/wp-json\/wp\/v2\/posts\/62062","targetHints":{"allow":["GET"]}}],"collection":[{"href":"https:\/\/elinformanteperu.com\/index.php\/wp-json\/wp\/v2\/posts"}],"about":[{"href":"https:\/\/elinformanteperu.com\/index.php\/wp-json\/wp\/v2\/types\/post"}],"author":[{"embeddable":true,"href":"https:\/\/elinformanteperu.com\/index.php\/wp-json\/wp\/v2\/users\/1"}],"replies":[{"embeddable":true,"href":"https:\/\/elinformanteperu.com\/index.php\/wp-json\/wp\/v2\/comments?post=62062"}],"version-history":[{"count":1,"href":"https:\/\/elinformanteperu.com\/index.php\/wp-json\/wp\/v2\/posts\/62062\/revisions"}],"predecessor-version":[{"id":62063,"href":"https:\/\/elinformanteperu.com\/index.php\/wp-json\/wp\/v2\/posts\/62062\/revisions\/62063"}],"wp:featuredmedia":[{"embeddable":true,"href":"https:\/\/elinformanteperu.com\/index.php\/wp-json\/wp\/v2\/media\/57788"}],"wp:attachment":[{"href":"https:\/\/elinformanteperu.com\/index.php\/wp-json\/wp\/v2\/media?parent=62062"}],"wp:term":[{"taxonomy":"category","embeddable":true,"href":"https:\/\/elinformanteperu.com\/index.php\/wp-json\/wp\/v2\/categories?post=62062"},{"taxonomy":"post_tag","embeddable":true,"href":"https:\/\/elinformanteperu.com\/index.php\/wp-json\/wp\/v2\/tags?post=62062"}],"curies":[{"name":"wp","href":"https:\/\/api.w.org\/{rel}","templated":true}]}}