{"id":62059,"date":"2019-12-19T02:17:08","date_gmt":"2019-12-19T07:17:08","guid":{"rendered":"http:\/\/elinformanteperu.com\/?p=62059"},"modified":"2019-12-19T02:39:56","modified_gmt":"2019-12-19T07:39:56","slug":"keiko-fujimori-hare-una-pausa-en-mis-actividades-politicas-para-afrontar-investigaciones","status":"publish","type":"post","link":"https:\/\/elinformanteperu.com\/index.php\/2019\/12\/19\/keiko-fujimori-hare-una-pausa-en-mis-actividades-politicas-para-afrontar-investigaciones\/","title":{"rendered":"Keiko Fujimori: Har\u00e9 una pausa en mis actividades pol\u00edticas para afrontar investigaciones"},"content":{"rendered":"<p><strong><span style=\"color: #000000;\">La lideresa de Fuerza Popular, Keiko Fujimori Higuchi, anunci\u00f3 que efectuar\u00e1 una pausa en sus actividades pol\u00edticas para afrontar las investigaciones en su contra.<\/span><\/strong><\/p>\n<p><span style=\"color: #000000;\"><strong>Lima, 18 Diciembre 2019, (ANDINA).-<\/strong> La lideresa de Fuerza Popular, Keiko Fujimori Higuchi, anunci\u00f3 que efectuar\u00e1 una pausa en sus actividades pol\u00edticas para dedicarse a su familia y afrontar las investigaciones en su contra vinculadas a los aportes de Odebrecht a su campa\u00f1a del 2011.<\/span><\/p>\n<p><span style=\"color: #000000;\">En un mensaje difundido por las redes sociales, la excandidata presidencial efectu\u00f3 algunas reflexiones sobre los \u00faltimos d\u00edas vividos en su hogar y los 13 meses que pas\u00f3 en prisi\u00f3n. Adem\u00e1s, inform\u00f3 que hab\u00eda tomado algunas decisiones.<\/span><\/p>\n<p><span style=\"color: #000000;\">\u201cEn primer lugar, voy a hacer una pausa en mis actividades pol\u00edticas porque mi prioridad es y ser\u00e1 siempre mi familia y enfrentaremos este proceso justamente la familia completa\u201d.<\/span><\/p>\n<p><span style=\"color: #000000;\">Keiko Fujimori se refer\u00eda al nuevo pedido de prisi\u00f3n preventiva planteado en su contra y la ampliaci\u00f3n de los cargos formulada por el Ministerio P\u00fablico.<\/span><\/p>\n<p><span style=\"color: #000000;\">\u201cLa audiencia se llevar\u00eda a cabo el 26 de diciembre, un d\u00eda despu\u00e9s de Navidad. Creo que es el regalo m\u00e1s perverso que he recibido en mi vida\u201d, refiri\u00f3.<\/span><\/p>\n<p><span style=\"color: #000000;\">La lideresa de Fuerza Popular llam\u00f3 sus seguidores a que no se dejen confundir, pues \u201cuna cosa es la prisi\u00f3n preventiva, que la quieren hacer ver como una sentencia adelantada, que no lo es, y otra cosa ser\u00e1 ver los temas de fondo\u201d.<\/span><\/p>\n<p><iframe title=\"Keiko Fujimori condena nuevo pedido de prisi\u00f3n preventiva\" width=\"615\" height=\"346\" src=\"https:\/\/www.youtube.com\/embed\/HN0bAVDT6lA?feature=oembed\" frameborder=\"0\" allow=\"accelerometer; autoplay; clipboard-write; encrypted-media; gyroscope; picture-in-picture; web-share\" referrerpolicy=\"strict-origin-when-cross-origin\" allowfullscreen><\/iframe><\/p>\n","protected":false},"excerpt":{"rendered":"<p>La lideresa de Fuerza Popular, Keiko Fujimori Higuchi, anunci\u00f3 que efectuar\u00e1 una pausa en sus actividades pol\u00edticas para afrontar las investigaciones en su contra. Lima, 18 Diciembre 2019, (ANDINA).- La lideresa de Fuerza Popular, Keiko Fujimori Higuchi, anunci\u00f3 que efectuar\u00e1 una pausa en sus actividades pol\u00edticas para dedicarse a su familia y afrontar las investigaciones [&hellip;]<\/p>\n","protected":false},"author":1,"featured_media":62060,"comment_status":"open","ping_status":"open","sticky":false,"template":"","format":"standard","meta":{"rop_custom_images_group":[],"rop_custom_messages_group":[],"rop_publish_now":"initial","rop_publish_now_accounts":[],"rop_publish_now_history":[],"rop_publish_now_status":"pending","footnotes":""},"categories":[5],"tags":[557,619,163],"class_list":["post-62059","post","type-post","status-publish","format-standard","has-post-thumbnail","hentry","category-actualidad-informativa","tag-keiko-fujimori","tag-odebrecht","tag-poder-judicial"],"_links":{"self":[{"href":"https:\/\/elinformanteperu.com\/index.php\/wp-json\/wp\/v2\/posts\/62059","targetHints":{"allow":["GET"]}}],"collection":[{"href":"https:\/\/elinformanteperu.com\/index.php\/wp-json\/wp\/v2\/posts"}],"about":[{"href":"https:\/\/elinformanteperu.com\/index.php\/wp-json\/wp\/v2\/types\/post"}],"author":[{"embeddable":true,"href":"https:\/\/elinformanteperu.com\/index.php\/wp-json\/wp\/v2\/users\/1"}],"replies":[{"embeddable":true,"href":"https:\/\/elinformanteperu.com\/index.php\/wp-json\/wp\/v2\/comments?post=62059"}],"version-history":[{"count":2,"href":"https:\/\/elinformanteperu.com\/index.php\/wp-json\/wp\/v2\/posts\/62059\/revisions"}],"predecessor-version":[{"id":62064,"href":"https:\/\/elinformanteperu.com\/index.php\/wp-json\/wp\/v2\/posts\/62059\/revisions\/62064"}],"wp:featuredmedia":[{"embeddable":true,"href":"https:\/\/elinformanteperu.com\/index.php\/wp-json\/wp\/v2\/media\/62060"}],"wp:attachment":[{"href":"https:\/\/elinformanteperu.com\/index.php\/wp-json\/wp\/v2\/media?parent=62059"}],"wp:term":[{"taxonomy":"category","embeddable":true,"href":"https:\/\/elinformanteperu.com\/index.php\/wp-json\/wp\/v2\/categories?post=62059"},{"taxonomy":"post_tag","embeddable":true,"href":"https:\/\/elinformanteperu.com\/index.php\/wp-json\/wp\/v2\/tags?post=62059"}],"curies":[{"name":"wp","href":"https:\/\/api.w.org\/{rel}","templated":true}]}}