{"id":62050,"date":"2019-12-19T01:55:36","date_gmt":"2019-12-19T06:55:36","guid":{"rendered":"http:\/\/elinformanteperu.com\/?p=62050"},"modified":"2019-12-19T01:55:36","modified_gmt":"2019-12-19T06:55:36","slug":"nadine-heredia-reprograman-para-el-lunes-audiencia-de-impedimento-de-salida","status":"publish","type":"post","link":"https:\/\/elinformanteperu.com\/index.php\/2019\/12\/19\/nadine-heredia-reprograman-para-el-lunes-audiencia-de-impedimento-de-salida\/","title":{"rendered":"Nadine Heredia: reprograman para el lunes audiencia de impedimento de salida"},"content":{"rendered":"<p><strong><span style=\"color: #000000;\">El Tercer Juzgado de Investigaci\u00f3n Preparatoria Especializado en Delitos de Corrupci\u00f3n reprogram\u00f3 para el lunes 23 de diciembre la audiencia contra Nadine Heredia.<\/span><\/strong><\/p>\n<p><span style=\"color: #000000;\"><strong>Lima, 18 Diciembre 2019, (ANDINA).-<\/strong> El Tercer Juzgado de Investigaci\u00f3n Preparatoria Especializado en Delitos de Corrupci\u00f3n reprogram\u00f3 para el lunes 23 de diciembre la audiencia para evaluar el impedimento de salida del pa\u00eds, planteado por el Ministerio P\u00fablico, contra la ex primera dama Nadine Heredia Alarc\u00f3n y otros investigados.<\/span><\/p>\n<p><span style=\"color: #000000;\">El juez Jorge Ch\u00e1vez Tamariz se\u00f1al\u00f3 que dicha decisi\u00f3n busca garantizar el derecho a la defensa de los investigados.<\/span><\/p>\n<p><span style=\"color: #000000;\">En declaraciones a los fiscales del equipo especial Lava Jato, el exrepresentante de Odebrecht en el Per\u00fa, Jorge Barata, dijo que se reuni\u00f3 en varias ocasiones con el expresidente Ollanta Humala (2011-2016) y Nadine Heredia para tratar asuntos relacionados con el proyecto del Gasoducto del Sur, seg\u00fan revel\u00f3 IDL-Reporteros.<\/span><\/p>\n<p><span style=\"color: #000000;\">De acuerdo con el citado portal de investigaci\u00f3n, el exdirectivo revel\u00f3, adem\u00e1s, que en dos oportunidades se entrevist\u00f3 \u201cexclusivamente\u201d con la ex primera dama para hablar sobre el proyecto.<\/span><\/p>\n<p><span style=\"color: #000000;\">Ella era m\u00e1s ejecutiva para resolver los problemas que afrontaba la constructora brasile\u00f1a con respecto al Gasoducto del Sur y ofreci\u00f3 solucionar los inconvenientes habr\u00eda manifestado Barata a los fiscales, inform\u00f3 IDL-Reporteros en su cuenta de Twitter.<\/span><\/p>\n<p><span style=\"color: #000000;\">Barata indic\u00f3 que, como la relaci\u00f3n con Jorge Merino, entonces ministro de Energ\u00eda y Minas, no flu\u00eda, entr\u00f3 a tallar Eleodoro Mayorga, quien lo reemplazo en el cargo en febrero de 2014.<\/span><\/p>\n<p><span style=\"color: #000000;\">Heredia Alarc\u00f3n es investigada por los presuntos delitos de colusi\u00f3n y otros en agravio del Estado.<\/span><\/p>\n","protected":false},"excerpt":{"rendered":"<p>El Tercer Juzgado de Investigaci\u00f3n Preparatoria Especializado en Delitos de Corrupci\u00f3n reprogram\u00f3 para el lunes 23 de diciembre la audiencia contra Nadine Heredia. Lima, 18 Diciembre 2019, (ANDINA).- El Tercer Juzgado de Investigaci\u00f3n Preparatoria Especializado en Delitos de Corrupci\u00f3n reprogram\u00f3 para el lunes 23 de diciembre la audiencia para evaluar el impedimento de salida del [&hellip;]<\/p>\n","protected":false},"author":1,"featured_media":62051,"comment_status":"open","ping_status":"open","sticky":false,"template":"","format":"standard","meta":{"rop_custom_images_group":[],"rop_custom_messages_group":[],"rop_publish_now":"initial","rop_publish_now_accounts":[],"rop_publish_now_history":[],"rop_publish_now_status":"pending","footnotes":""},"categories":[5],"tags":[291,163],"class_list":["post-62050","post","type-post","status-publish","format-standard","has-post-thumbnail","hentry","category-actualidad-informativa","tag-nadine-heredia","tag-poder-judicial"],"_links":{"self":[{"href":"https:\/\/elinformanteperu.com\/index.php\/wp-json\/wp\/v2\/posts\/62050","targetHints":{"allow":["GET"]}}],"collection":[{"href":"https:\/\/elinformanteperu.com\/index.php\/wp-json\/wp\/v2\/posts"}],"about":[{"href":"https:\/\/elinformanteperu.com\/index.php\/wp-json\/wp\/v2\/types\/post"}],"author":[{"embeddable":true,"href":"https:\/\/elinformanteperu.com\/index.php\/wp-json\/wp\/v2\/users\/1"}],"replies":[{"embeddable":true,"href":"https:\/\/elinformanteperu.com\/index.php\/wp-json\/wp\/v2\/comments?post=62050"}],"version-history":[{"count":1,"href":"https:\/\/elinformanteperu.com\/index.php\/wp-json\/wp\/v2\/posts\/62050\/revisions"}],"predecessor-version":[{"id":62052,"href":"https:\/\/elinformanteperu.com\/index.php\/wp-json\/wp\/v2\/posts\/62050\/revisions\/62052"}],"wp:featuredmedia":[{"embeddable":true,"href":"https:\/\/elinformanteperu.com\/index.php\/wp-json\/wp\/v2\/media\/62051"}],"wp:attachment":[{"href":"https:\/\/elinformanteperu.com\/index.php\/wp-json\/wp\/v2\/media?parent=62050"}],"wp:term":[{"taxonomy":"category","embeddable":true,"href":"https:\/\/elinformanteperu.com\/index.php\/wp-json\/wp\/v2\/categories?post=62050"},{"taxonomy":"post_tag","embeddable":true,"href":"https:\/\/elinformanteperu.com\/index.php\/wp-json\/wp\/v2\/tags?post=62050"}],"curies":[{"name":"wp","href":"https:\/\/api.w.org\/{rel}","templated":true}]}}