{"id":62044,"date":"2019-12-19T01:34:29","date_gmt":"2019-12-19T06:34:29","guid":{"rendered":"http:\/\/elinformanteperu.com\/?p=62044"},"modified":"2019-12-19T02:42:07","modified_gmt":"2019-12-19T07:42:07","slug":"ejecutivo-aprueba-medida-para-que-570000-afiliados-a-afp-recuperen-aportes","status":"publish","type":"post","link":"https:\/\/elinformanteperu.com\/index.php\/2019\/12\/19\/ejecutivo-aprueba-medida-para-que-570000-afiliados-a-afp-recuperen-aportes\/","title":{"rendered":"Ejecutivo aprueba medida para que 570,000 afiliados a AFP recuperen aportes"},"content":{"rendered":"<p><strong><span style=\"color: #000000;\">El Consejo de Ministros aprob\u00f3 un decreto de urgencia que permitir\u00e1 a 570,00 afiliados al Sistema Privado de Pensiones (SPP) recuperar sus aportes.<\/span><\/strong><\/p>\n<p><span style=\"color: #000000;\"><strong>Lima, 18 Diciembre 2019, (ANDINA).-<\/strong> El Consejo de Ministros aprob\u00f3 un decreto de urgencia que permitir\u00e1 a 570,00 afiliados al Sistema Privado de Pensiones (SPP) recuperar los aportes que no fueron abonados por los empleados del sector p\u00fablico.<\/span><\/p>\n<p><span style=\"color: #000000;\">Al respecto, la ministra de Econom\u00eda y Finanzas, Mar\u00eda Antonieta Alva, explic\u00f3 que esta medida permitir\u00e1 a 1,917 entidades p\u00fablicas de los tres niveles de gobierno (nacional, regional y local) reducir una deuda actual de 6,975 millones de soles.<\/span><\/p>\n<p><span style=\"color: #000000;\">Cabe precisar que est\u00e1 reducci\u00f3n de deuda se dar\u00e1 a trav\u00e9s del R\u00e9gimen de Reprogramaci\u00f3n de Pago (Repro \u2013 AFP) al cual las entidades deber\u00e1n acogerse.<\/span><\/p>\n<p><span style=\"color: #000000;\">La ministra explic\u00f3 que con la actual reactivaci\u00f3n del Repro se eliminar\u00e1n las multas, los recargos e intereses a las deudas previsionales.<\/span><\/p>\n<p><span style=\"color: #000000;\">\u201cLuego que estas entidades se acojan al Repro se les eximir\u00e1 las multas, recargos e intereses, con lo cual la deuda de 6,975 millones de soles se reducir\u00e1 a 915 millones. B\u00e1sicamente se conseguir\u00e1 rescatar el principal de estos aportes m\u00e1s un reconocimiento de la rentabilidad de los fondos\u201d, manifest\u00f3 en rueda de prensa.<\/span><\/p>\n<p><span style=\"color: #000000;\">Precis\u00f3 que el plazo para acogerse durar\u00e1 hasta el 10 de abril del 2020. \u201cDe tal manera que cuando haya la formulaci\u00f3n del presupuesto 2021 se incluyan los recursos provenientes para este acogimiento\u201d, subray\u00f3.<\/span><\/p>\n<p><span style=\"color: #000000;\">Coment\u00f3 que el Repro es una pr\u00e1ctica que se ha utilizado a\u00f1os atr\u00e1s y lo que busca es permitir la realizaci\u00f3n del pago de las deudas previsionales<\/span><\/p>\n<p><span style=\"color: #000000;\">\u201cLo que sucede es que hay una serie de entidades p\u00fablicas que oportunamente no hicieron los aportes previsionales y ven ahora impagables esas deudas por el tama\u00f1o que han adquirido debido a los intereses y multas\u201d, indic\u00f3.<\/span><\/p>\n<p><span style=\"color: #000000;\">Dijo que con el Repro se buscar\u00e1 que las entidades fraccionen su deuda en 10 a\u00f1os para as\u00ed hacer factible la recuperaci\u00f3n del dinero de los afiliados.<\/span><\/p>\n<p><strong><span style=\"color: #000000;\">Planilla p\u00fablica<\/span><\/strong><\/p>\n<p><span style=\"color: #000000;\">De otro lado, la ministra inform\u00f3 que el Consejo de Ministros aprob\u00f3 un decreto de urgencia para reordenar la planilla p\u00fablica, sobre todo para los trabajadores que laboran bajo el Decreto Legislativo 276.<\/span><\/p>\n<p><span style=\"color: #000000;\">\u201cB\u00e1sicamente el objetivo (del decreto de urgencia) es que los trabajadores cobren como ven\u00edan haci\u00e9ndolo antes de la publicaci\u00f3n del decreto 261 y que en adelante podamos establecer una din\u00e1mica de trabajo de ordenamiento de todos los conceptos remunerativos\u201d, indic\u00f3.<\/span><\/p>\n<p><strong><span style=\"color: #000000;\">EsSalud<\/span><\/strong><\/p>\n<p><span style=\"color: #000000;\">De otro lado, el Consejo de Ministros aprob\u00f3 un decreto de urgencia que aumenta la contribuci\u00f3n al Seguro Social de Salud (EsSalud) de entidades p\u00fablicas que tienen trabajadores por Contrato Administrativo de Servicios (CAS).<\/span><\/p>\n<p><span style=\"color: #000000;\">Seg\u00fan explic\u00f3 la ministra de Trabajo, Sylvia C\u00e1ceres, se elevar\u00e1 la base de 30% de la UIT por el cual se calcula el aporte del 9% del empleador.<\/span><\/p>\n<p><span style=\"color: #000000;\">Hoy en d\u00eda el aporte del empleador de trabajadores CAS se fija en base a 1,260 soles (30% de 4,200 que equivale la UIT). Es decir, dicho empleador aporta el 9% de 1,260 soles, lo que equivale a 113.40.<\/span><\/p>\n<p><span style=\"color: #000000;\">\u201cCon esta medida se espera que se eleven los recursos para que se puedan desarrollar aspectos muy concretos. El decreto de urgencia acota el destino de estos recursos, como la renovaci\u00f3n de equipos, rehabilitaci\u00f3n de establecimientos de salud, solventar la contrataci\u00f3n de personal, entre otros\u201d, dijo la ministra<\/span><\/p>\n<p><span style=\"color: #000000;\">Aclar\u00f3 que el aporte a EsSalud corresponde al empleador, de manera que no habr\u00e1 un descuento adicional para el trabajador CAS.<\/span><\/p>\n<p><iframe title=\"Consejo de Ministros aprueba cuatro decretos de urgencia\" width=\"615\" height=\"346\" src=\"https:\/\/www.youtube.com\/embed\/tcsBrt5JcXA?feature=oembed\" frameborder=\"0\" allow=\"accelerometer; autoplay; clipboard-write; encrypted-media; gyroscope; picture-in-picture; web-share\" referrerpolicy=\"strict-origin-when-cross-origin\" allowfullscreen><\/iframe><\/p>\n","protected":false},"excerpt":{"rendered":"<p>El Consejo de Ministros aprob\u00f3 un decreto de urgencia que permitir\u00e1 a 570,00 afiliados al Sistema Privado de Pensiones (SPP) recuperar sus aportes. Lima, 18 Diciembre 2019, (ANDINA).- El Consejo de Ministros aprob\u00f3 un decreto de urgencia que permitir\u00e1 a 570,00 afiliados al Sistema Privado de Pensiones (SPP) recuperar los aportes que no fueron abonados [&hellip;]<\/p>\n","protected":false},"author":1,"featured_media":62045,"comment_status":"open","ping_status":"open","sticky":false,"template":"","format":"standard","meta":{"rop_custom_images_group":[],"rop_custom_messages_group":[],"rop_publish_now":"initial","rop_publish_now_accounts":[],"rop_publish_now_history":[],"rop_publish_now_status":"pending","footnotes":""},"categories":[5],"tags":[451,4900,315,314,189,2317],"class_list":["post-62044","post","type-post","status-publish","format-standard","has-post-thumbnail","hentry","category-actualidad-informativa","tag-essalud","tag-maria-antonieta-alva","tag-mef","tag-ministerio-de-economia-y-finanzas","tag-pcm","tag-presidencia-del-consejo-de-ministros"],"_links":{"self":[{"href":"https:\/\/elinformanteperu.com\/index.php\/wp-json\/wp\/v2\/posts\/62044","targetHints":{"allow":["GET"]}}],"collection":[{"href":"https:\/\/elinformanteperu.com\/index.php\/wp-json\/wp\/v2\/posts"}],"about":[{"href":"https:\/\/elinformanteperu.com\/index.php\/wp-json\/wp\/v2\/types\/post"}],"author":[{"embeddable":true,"href":"https:\/\/elinformanteperu.com\/index.php\/wp-json\/wp\/v2\/users\/1"}],"replies":[{"embeddable":true,"href":"https:\/\/elinformanteperu.com\/index.php\/wp-json\/wp\/v2\/comments?post=62044"}],"version-history":[{"count":2,"href":"https:\/\/elinformanteperu.com\/index.php\/wp-json\/wp\/v2\/posts\/62044\/revisions"}],"predecessor-version":[{"id":62066,"href":"https:\/\/elinformanteperu.com\/index.php\/wp-json\/wp\/v2\/posts\/62044\/revisions\/62066"}],"wp:featuredmedia":[{"embeddable":true,"href":"https:\/\/elinformanteperu.com\/index.php\/wp-json\/wp\/v2\/media\/62045"}],"wp:attachment":[{"href":"https:\/\/elinformanteperu.com\/index.php\/wp-json\/wp\/v2\/media?parent=62044"}],"wp:term":[{"taxonomy":"category","embeddable":true,"href":"https:\/\/elinformanteperu.com\/index.php\/wp-json\/wp\/v2\/categories?post=62044"},{"taxonomy":"post_tag","embeddable":true,"href":"https:\/\/elinformanteperu.com\/index.php\/wp-json\/wp\/v2\/tags?post=62044"}],"curies":[{"name":"wp","href":"https:\/\/api.w.org\/{rel}","templated":true}]}}