{"id":62019,"date":"2019-12-19T00:51:45","date_gmt":"2019-12-19T05:51:45","guid":{"rendered":"http:\/\/elinformanteperu.com\/?p=62019"},"modified":"2019-12-19T02:42:52","modified_gmt":"2019-12-19T07:42:52","slug":"costa-verde-derrumbe-en-acantilado-interrumpe-transito-a-altura-playa-los-yuyos","status":"publish","type":"post","link":"https:\/\/elinformanteperu.com\/index.php\/2019\/12\/19\/costa-verde-derrumbe-en-acantilado-interrumpe-transito-a-altura-playa-los-yuyos\/","title":{"rendered":"Costa Verde: derrumbe en acantilado interrumpe tr\u00e1nsito a altura playa Los Yuyos"},"content":{"rendered":"<p><strong><span style=\"color: #000000;\">Un derrumbe de tierra y piedras en el acantilado de la Costa Verde, ha generado el cierre de un sector del circuito de playas en el sentido de sur a norte.<\/span><\/strong><\/p>\n<p><span style=\"color: #000000;\"><strong>Lima, 18 Diciembre 2019, (ANDINA).-<\/strong> Un derrumbe de tierra y piedras en el acantilado de la Costa Verde, a la altura de la playa Los Yuyos, Barranco, ha generado el cierre de un sector del circuito de playas en el sentido de sur a norte.<\/span><\/p>\n<p><span style=\"color: #000000;\">El jefe de la Direcci\u00f3n de Tr\u00e1nsito de la Polic\u00eda, general Jorge Lam, inform\u00f3 que la emergencia no ha ocasionado da\u00f1os materiales ni personales, dado que ning\u00fan veh\u00edculo pasaba en ese momento por all\u00ed.<\/span><\/p>\n<p><span style=\"color: #000000;\">Lam detall\u00f3 que ha sido cerrada al tr\u00e1nsito vehicular la bajada de Chorrillos que se encuentra a la altura de la playa Agua Dulce.<\/span><\/p>\n<p><img fetchpriority=\"high\" decoding=\"async\" class=\"aligncenter size-full wp-image-62021\" src=\"http:\/\/elinformanteperu.com\/wp-content\/uploads\/2019\/12\/costa-verde-derrumbe2.jpg\" alt=\"\" width=\"1800\" height=\"1200\" srcset=\"https:\/\/elinformanteperu.com\/wp-content\/uploads\/2019\/12\/costa-verde-derrumbe2.jpg 1800w, https:\/\/elinformanteperu.com\/wp-content\/uploads\/2019\/12\/costa-verde-derrumbe2-300x200.jpg 300w, https:\/\/elinformanteperu.com\/wp-content\/uploads\/2019\/12\/costa-verde-derrumbe2-1024x683.jpg 1024w, https:\/\/elinformanteperu.com\/wp-content\/uploads\/2019\/12\/costa-verde-derrumbe2-768x512.jpg 768w, https:\/\/elinformanteperu.com\/wp-content\/uploads\/2019\/12\/costa-verde-derrumbe2-1536x1024.jpg 1536w, https:\/\/elinformanteperu.com\/wp-content\/uploads\/2019\/12\/costa-verde-derrumbe2-128x85.jpg 128w, https:\/\/elinformanteperu.com\/wp-content\/uploads\/2019\/12\/costa-verde-derrumbe2-32x21.jpg 32w\" sizes=\"(max-width: 1800px) 100vw, 1800px\" \/><span style=\"color: #000000;\">La Polic\u00eda Nacional, dijo, ya ha desplazado a la zona a personal del Escuadr\u00f3n de Emergencia y de Tr\u00e1nsito, a fin desviar a los veh\u00edculos que quieran ingresar al circuito de playas.<\/span><\/p>\n<p><span style=\"color: #000000;\">\u201cSe ha dispuesto el cierre con direcci\u00f3n al Callao. Los veh\u00edculos que vienen de Barranco y Chorrillos, utilizando el circuito de playas, ya no lo van a poder hacer; de preferencia deben circular por la parte superior\u201d.<\/span><\/p>\n<p><span style=\"color: #000000;\">La Polic\u00eda coordina con las autoridades municipales el desplazamiento de maquinaria pesada que permita retirar el c\u00famulo que est\u00e1 bloqueando la v\u00eda de la Costa Verde. \u201cHay que evaluar con Defensa Civil para ver si es factible o no abrir la v\u00eda\u201d, subray\u00f3.<\/span><\/p>\n<p><span style=\"color: #000000;\">No descart\u00f3 la posibilidad de que la v\u00eda de norte a sur, que no ha sido comprometida por el derrumbe, sea habilitada temporalmente de doble sentido, hasta que Defensa Civil determine la seguridad de la zona afectada.<\/span><\/p>\n<p><iframe title=\"Costa Verde: derrumbe bloquea v\u00eda en Barranco\" width=\"615\" height=\"346\" src=\"https:\/\/www.youtube.com\/embed\/E5mzobW43xo?feature=oembed\" frameborder=\"0\" allow=\"accelerometer; autoplay; clipboard-write; encrypted-media; gyroscope; picture-in-picture; web-share\" referrerpolicy=\"strict-origin-when-cross-origin\" allowfullscreen><\/iframe><\/p>\n","protected":false},"excerpt":{"rendered":"<p>Un derrumbe de tierra y piedras en el acantilado de la Costa Verde, ha generado el cierre de un sector del circuito de playas en el sentido de sur a norte. Lima, 18 Diciembre 2019, (ANDINA).- Un derrumbe de tierra y piedras en el acantilado de la Costa Verde, a la altura de la playa [&hellip;]<\/p>\n","protected":false},"author":1,"featured_media":62020,"comment_status":"open","ping_status":"open","sticky":false,"template":"","format":"standard","meta":{"rop_custom_images_group":[],"rop_custom_messages_group":[],"rop_publish_now":"initial","rop_publish_now_accounts":[],"rop_publish_now_history":[],"rop_publish_now_status":"pending","footnotes":""},"categories":[10],"tags":[4740],"class_list":["post-62019","post","type-post","status-publish","format-standard","has-post-thumbnail","hentry","category-actualidad-municipal","tag-costa-verde"],"_links":{"self":[{"href":"https:\/\/elinformanteperu.com\/index.php\/wp-json\/wp\/v2\/posts\/62019","targetHints":{"allow":["GET"]}}],"collection":[{"href":"https:\/\/elinformanteperu.com\/index.php\/wp-json\/wp\/v2\/posts"}],"about":[{"href":"https:\/\/elinformanteperu.com\/index.php\/wp-json\/wp\/v2\/types\/post"}],"author":[{"embeddable":true,"href":"https:\/\/elinformanteperu.com\/index.php\/wp-json\/wp\/v2\/users\/1"}],"replies":[{"embeddable":true,"href":"https:\/\/elinformanteperu.com\/index.php\/wp-json\/wp\/v2\/comments?post=62019"}],"version-history":[{"count":2,"href":"https:\/\/elinformanteperu.com\/index.php\/wp-json\/wp\/v2\/posts\/62019\/revisions"}],"predecessor-version":[{"id":62067,"href":"https:\/\/elinformanteperu.com\/index.php\/wp-json\/wp\/v2\/posts\/62019\/revisions\/62067"}],"wp:featuredmedia":[{"embeddable":true,"href":"https:\/\/elinformanteperu.com\/index.php\/wp-json\/wp\/v2\/media\/62020"}],"wp:attachment":[{"href":"https:\/\/elinformanteperu.com\/index.php\/wp-json\/wp\/v2\/media?parent=62019"}],"wp:term":[{"taxonomy":"category","embeddable":true,"href":"https:\/\/elinformanteperu.com\/index.php\/wp-json\/wp\/v2\/categories?post=62019"},{"taxonomy":"post_tag","embeddable":true,"href":"https:\/\/elinformanteperu.com\/index.php\/wp-json\/wp\/v2\/tags?post=62019"}],"curies":[{"name":"wp","href":"https:\/\/api.w.org\/{rel}","templated":true}]}}