{"id":62013,"date":"2019-12-19T00:32:01","date_gmt":"2019-12-19T05:32:01","guid":{"rendered":"http:\/\/elinformanteperu.com\/?p=62013"},"modified":"2019-12-19T00:32:01","modified_gmt":"2019-12-19T05:32:01","slug":"barcelona-y-real-madrid-igualan-en-un-clasico-marcado-por-protestas","status":"publish","type":"post","link":"https:\/\/elinformanteperu.com\/index.php\/2019\/12\/19\/barcelona-y-real-madrid-igualan-en-un-clasico-marcado-por-protestas\/","title":{"rendered":"Barcelona y Real Madrid igualan en un Cl\u00e1sico marcado por protestas"},"content":{"rendered":"<p><strong><span style=\"color: #000000;\">Barcelona y Real Madrid no pasaron del empate 0-0 en un cl\u00e1sico liguero espa\u00f1ol, marcado por los incidentes violentos protagonizados por independentistas catalanes.<\/span><\/strong><\/p>\n<p><span style=\"color: #000000;\"><strong>Barcelona, 18 Diciembre 2019, (ANDINA).-<\/strong> Barcelona y Real Madrid no pasaron del empate 0-0 en un cl\u00e1sico liguero espa\u00f1ol, marcado por los incidentes violentos protagonizados por independentistas catalanes.<\/span><\/p>\n<p><span style=\"color: #000000;\">El miedo a la movilizaci\u00f3n convocada por la misteriosa plataforma Tsunamni Democratic hab\u00eda llevado a la aplicaci\u00f3n de un fuerte dispositivo de seguridad, que finalmente tuvo que actuar contra radicales violentos fuera del estadio durante el partido.<\/span><\/p>\n<p><span style=\"color: #000000;\">Estos manifestantes independentistas se enfrentaron a la polic\u00eda levantando barricadas con contenedores incendiados y tirando objetos a los agentes en unos incidentes en los que doce personas tuvieron que recibir atenci\u00f3n m\u00e9dica, mientras en el interior del estadio se ped\u00eda al p\u00fablico evitar a la salida el lugar de los enfrentamientos.<\/span><\/p>\n<p><span style=\"color: #000000;\">Antes de estos enfrentamientos m\u00e1s graves, miles de personas hab\u00edan cortado el tr\u00e1fico a las puertas del Camp Nou, sin mayores problemas.<\/span><\/p>\n<p><span style=\"color: #000000;\">La protesta tuvo una continuaci\u00f3n dentro del estadio con la exhibici\u00f3n de pancartas con el lema \u00abSpain, sit and talk (Espa\u00f1a, si\u00e9ntate y dialoga)\u00bb, para pedir di\u00e1logo entre el gobierno central y las autoridades regionales independentistas.<\/span><\/p>\n<p><strong><span style=\"color: #000000;\">Compartiendo liderato<\/span><\/strong><\/p>\n<p><img fetchpriority=\"high\" decoding=\"async\" class=\"aligncenter size-full wp-image-43311\" src=\"http:\/\/elinformanteperu.com\/wp-content\/uploads\/2019\/02\/Real-Madrid-y-Barcelona.jpg\" alt=\"\" width=\"1800\" height=\"1200\" srcset=\"https:\/\/elinformanteperu.com\/wp-content\/uploads\/2019\/02\/Real-Madrid-y-Barcelona.jpg 1800w, https:\/\/elinformanteperu.com\/wp-content\/uploads\/2019\/02\/Real-Madrid-y-Barcelona-300x200.jpg 300w, https:\/\/elinformanteperu.com\/wp-content\/uploads\/2019\/02\/Real-Madrid-y-Barcelona-768x512.jpg 768w, https:\/\/elinformanteperu.com\/wp-content\/uploads\/2019\/02\/Real-Madrid-y-Barcelona-1024x683.jpg 1024w, https:\/\/elinformanteperu.com\/wp-content\/uploads\/2019\/02\/Real-Madrid-y-Barcelona-128x85.jpg 128w, https:\/\/elinformanteperu.com\/wp-content\/uploads\/2019\/02\/Real-Madrid-y-Barcelona-32x21.jpg 32w\" sizes=\"(max-width: 1800px) 100vw, 1800px\" \/><span style=\"color: #000000;\">Las pancartas volvieron en algunas ocasiones durante el partido, tras el que el equipo azulgrana sigue en cabeza del campeonato espa\u00f1ol, empatado a 36 puntos con el Real Madrid.<\/span><\/p>\n<p><span style=\"color: #000000;\">Empez\u00f3 el encuentro nervioso con los dos equipos presionando arriba en busca del error del contrario, pero con el paso de los minutos empez\u00f3 a mostrarse m\u00e1s dominador el equipo merengue.<\/span><\/p>\n<p><span style=\"color: #000000;\">Los blancos se hicieron con el centro del campo, donde el joven uruguayo Federico Valverde se desviv\u00eda para ayudar en ataque y defensa.<\/span><\/p>\n<p><span style=\"color: #000000;\">Al cuarto de hora, Casemiro remataba de cabeza un bal\u00f3n en el \u00e1rea, que sac\u00f3 sobre la l\u00ednea Gerard Piqu\u00e9 (16).<\/span><\/p>\n<p><span style=\"color: #000000;\">El central azulgrana junto al meta Marc Andr\u00e9 Ter Stegen fueron los baluartes del Barcelona, en sus momentos de mayores apuros.<\/span><\/p>\n<p><span style=\"color: #000000;\">El Bar\u00e7a empez\u00f3 a reaccionar liderado por su capit\u00e1n Leo Messi, que se ech\u00f3 el equipo a la espalda y antes de la media hora tuvo su gran ocasi\u00f3n.<\/span><\/p>\n<p><span style=\"color: #000000;\">El argentino caz\u00f3 un mal rechace de Thibaut Courtois, pero su disparo a gol lo sac\u00f3 cay\u00e9ndose Sergio Ramos (26), que se convirti\u00f3 este mi\u00e9rcoles en el jugador que m\u00e1s veces ha jugado el cl\u00e1sico con 43 encuentros entre los dos grandes del f\u00fatbol espa\u00f1ol.<\/span><\/p>\n<p><span style=\"color: #000000;\">Messi volvi\u00f3 a aparecer poco despu\u00e9s para poner un bal\u00f3n a la espalda de la defensa, donde apareci\u00f3 Jordi Alba para rematar algo desviado (40).<\/span><\/p>\n<p><strong><span style=\"color: #000000;\">Pelotas amarillas<\/span><\/strong><\/p>\n<p><img decoding=\"async\" class=\"aligncenter size-full wp-image-45837\" src=\"http:\/\/elinformanteperu.com\/wp-content\/uploads\/2019\/03\/barcelona-lyon.jpg\" alt=\"\" width=\"1800\" height=\"1200\" srcset=\"https:\/\/elinformanteperu.com\/wp-content\/uploads\/2019\/03\/barcelona-lyon.jpg 1800w, https:\/\/elinformanteperu.com\/wp-content\/uploads\/2019\/03\/barcelona-lyon-300x200.jpg 300w, https:\/\/elinformanteperu.com\/wp-content\/uploads\/2019\/03\/barcelona-lyon-768x512.jpg 768w, https:\/\/elinformanteperu.com\/wp-content\/uploads\/2019\/03\/barcelona-lyon-1024x683.jpg 1024w, https:\/\/elinformanteperu.com\/wp-content\/uploads\/2019\/03\/barcelona-lyon-128x85.jpg 128w, https:\/\/elinformanteperu.com\/wp-content\/uploads\/2019\/03\/barcelona-lyon-32x21.jpg 32w\" sizes=\"(max-width: 1800px) 100vw, 1800px\" \/><span style=\"color: #000000;\">El Bar\u00e7a se hab\u00eda ido sacudiendo el dominio blanco, pero antes del descanso Fede Valverde congel\u00f3 al Camp Nou con un disparo raso que bloc\u00f3 Ter Stegen (43).<\/span><\/p>\n<p><span style=\"color: #000000;\">Tras la pausa, el partido volvi\u00f3 a seguir el mismo gui\u00f3n del inicio, con los dos equipos presionando la salida del contrario y un Barcelona que no lograba hacerse con el control del bal\u00f3n.<\/span><\/p>\n<p><span style=\"color: #000000;\">Buscando meter m\u00e1s m\u00fasculo en el centro del campo, entr\u00f3 Arturo Vidal por Sergi Roberto (55), momento en que empezaron a caer pelotas amarillas al campo parando durante un minuto el partido mientras los operarios retiraban los balones.<\/span><\/p>\n<p><span style=\"color: #000000;\">Empez\u00f3 el Bar\u00e7a a asentarse sobre el terreno de juego, frente a un Real Madrid que sigui\u00f3 apretando en sus llegadas al \u00e1rea azulgrana.<\/span><\/p>\n<p><span style=\"color: #000000;\">El Bar\u00e7a intent\u00f3 aprovechar esas continuas subidas del equipo blanco para sorprender a la contra.<\/span><\/p>\n<p><span style=\"color: #000000;\">En el 67, Valverde volv\u00eda a aparecer para dejar un bal\u00f3n a Bale, que dispar\u00f3 al lateral de la red.<\/span><\/p>\n<p><span style=\"color: #000000;\">El gal\u00e9s ver\u00eda como poco despu\u00e9s el videoarbitraje le negaba un gol por un fuera de juego previo de Mendy, que le hab\u00eda asistido (72).<\/span><\/p>\n<p><span style=\"color: #000000;\">En el \u00faltimo cuarto de hora, los dos equipos acusaron la tensi\u00f3n del encuentro y el partido se rompi\u00f3 sin que pudiera discernirse un dominador claro.<\/span><\/p>\n<p><span style=\"color: #000000;\">En medio de un juego trabado, ninguno de los dos equipos ser\u00eda capaz de perforar la puerta contraria para acabar dejando el partido en tablas.<\/span><\/p>\n<p><img decoding=\"async\" class=\"aligncenter size-full wp-image-33288\" src=\"http:\/\/elinformanteperu.com\/wp-content\/uploads\/2018\/09\/messi-barcelona.jpg\" alt=\"\" width=\"1800\" height=\"1201\" srcset=\"https:\/\/elinformanteperu.com\/wp-content\/uploads\/2018\/09\/messi-barcelona.jpg 1800w, https:\/\/elinformanteperu.com\/wp-content\/uploads\/2018\/09\/messi-barcelona-300x200.jpg 300w, https:\/\/elinformanteperu.com\/wp-content\/uploads\/2018\/09\/messi-barcelona-768x512.jpg 768w, https:\/\/elinformanteperu.com\/wp-content\/uploads\/2018\/09\/messi-barcelona-1024x683.jpg 1024w, https:\/\/elinformanteperu.com\/wp-content\/uploads\/2018\/09\/messi-barcelona-128x85.jpg 128w, https:\/\/elinformanteperu.com\/wp-content\/uploads\/2018\/09\/messi-barcelona-32x21.jpg 32w\" sizes=\"(max-width: 1800px) 100vw, 1800px\" \/><\/p>\n","protected":false},"excerpt":{"rendered":"<p>Barcelona y Real Madrid no pasaron del empate 0-0 en un cl\u00e1sico liguero espa\u00f1ol, marcado por los incidentes violentos protagonizados por independentistas catalanes. Barcelona, 18 Diciembre 2019, (ANDINA).- Barcelona y Real Madrid no pasaron del empate 0-0 en un cl\u00e1sico liguero espa\u00f1ol, marcado por los incidentes violentos protagonizados por independentistas catalanes. El miedo a la [&hellip;]<\/p>\n","protected":false},"author":1,"featured_media":62014,"comment_status":"open","ping_status":"open","sticky":false,"template":"","format":"standard","meta":{"rop_custom_images_group":[],"rop_custom_messages_group":[],"rop_publish_now":"initial","rop_publish_now_accounts":[],"rop_publish_now_history":[],"rop_publish_now_status":"pending","footnotes":""},"categories":[8],"tags":[303,423],"class_list":["post-62013","post","type-post","status-publish","format-standard","has-post-thumbnail","hentry","category-disciplinas-deportivas","tag-barcelona","tag-real-madrid"],"_links":{"self":[{"href":"https:\/\/elinformanteperu.com\/index.php\/wp-json\/wp\/v2\/posts\/62013","targetHints":{"allow":["GET"]}}],"collection":[{"href":"https:\/\/elinformanteperu.com\/index.php\/wp-json\/wp\/v2\/posts"}],"about":[{"href":"https:\/\/elinformanteperu.com\/index.php\/wp-json\/wp\/v2\/types\/post"}],"author":[{"embeddable":true,"href":"https:\/\/elinformanteperu.com\/index.php\/wp-json\/wp\/v2\/users\/1"}],"replies":[{"embeddable":true,"href":"https:\/\/elinformanteperu.com\/index.php\/wp-json\/wp\/v2\/comments?post=62013"}],"version-history":[{"count":1,"href":"https:\/\/elinformanteperu.com\/index.php\/wp-json\/wp\/v2\/posts\/62013\/revisions"}],"predecessor-version":[{"id":62015,"href":"https:\/\/elinformanteperu.com\/index.php\/wp-json\/wp\/v2\/posts\/62013\/revisions\/62015"}],"wp:featuredmedia":[{"embeddable":true,"href":"https:\/\/elinformanteperu.com\/index.php\/wp-json\/wp\/v2\/media\/62014"}],"wp:attachment":[{"href":"https:\/\/elinformanteperu.com\/index.php\/wp-json\/wp\/v2\/media?parent=62013"}],"wp:term":[{"taxonomy":"category","embeddable":true,"href":"https:\/\/elinformanteperu.com\/index.php\/wp-json\/wp\/v2\/categories?post=62013"},{"taxonomy":"post_tag","embeddable":true,"href":"https:\/\/elinformanteperu.com\/index.php\/wp-json\/wp\/v2\/tags?post=62013"}],"curies":[{"name":"wp","href":"https:\/\/api.w.org\/{rel}","templated":true}]}}