{"id":62000,"date":"2019-12-18T23:13:24","date_gmt":"2019-12-19T04:13:24","guid":{"rendered":"http:\/\/elinformanteperu.com\/?p=62000"},"modified":"2019-12-18T23:13:24","modified_gmt":"2019-12-19T04:13:24","slug":"casey-affleck-regresa-con-la-luz-del-fin-del-mundo","status":"publish","type":"post","link":"https:\/\/elinformanteperu.com\/index.php\/2019\/12\/18\/casey-affleck-regresa-con-la-luz-del-fin-del-mundo\/","title":{"rendered":"Casey Affleck regresa con \u00abLa luz del fin del mundo\u00bb"},"content":{"rendered":"<p><strong><span style=\"color: #000000;\">\u00abLa luz del fin del mundo\u00bb es un drama de supervivencia dirigido, escrito y protagonizado por Casey Affleck, el actor ganador del Oscar por \u2018Manchester junto al mar\u2019.\u00a0<\/span><\/strong><\/p>\n<p><span style=\"color: #000000;\"><strong>Lima, 18 Diciembre 2019, (ANDINA).-<\/strong> \u00abLa luz del fin del mundo\u00bb es un drama de supervivencia dirigido, escrito y protagonizado por Casey Affleck, el actor ganador del Oscar por \u2018Manchester junto al mar\u2019. La cinta se estrena este jueves de 19 de Diciembre en todos los cines.<\/span><\/p>\n<p><span style=\"color: #000000;\">La trama se centra en la historia de la relaci\u00f3n entre un padre y su hija, quienes una d\u00e9cada despu\u00e9s de que una pandemia haya aniquilado a casi todas las mujeres del mundo, quedan atrapados en el bosque mientras intentan escapar de un grupo de cazadores. Proteger a Rag, una ni\u00f1a de 11 a\u00f1os, es la principal preocupaci\u00f3n de su amado padre.<\/span><\/p>\n<p><span style=\"color: #000000;\">La pel\u00edcula marca el debut narrativo en cine de Affleck, basado en su propio gui\u00f3n, en este drama de supervivencia en formato de thriller, en una historia acerca de la mayor\u00eda de edad y una poderosa met\u00e1fora de la paternidad, dejando que la preocupaci\u00f3n por un solo hijo sirva de elogio y de esperanza a una especie que enfrenta sus mayores desaf\u00edos.<\/span><\/p>\n<p><span style=\"color: #000000;\">Filmado en magn\u00edficos lugares de bosques, la fotograf\u00eda a cargo de Adam Arkapaw (\u201cTrue Detective\u201d, \u201cTop of the Lake\u201d, \u201cMacbeth\u201d) es uno de los puntos destacados del filme.<\/span><\/p>\n<p><span style=\"color: #000000;\">En el reparto se lucen Casey Affleck, Anna Pniowsky, Tom Bower, Elisabeth Moss, Hrothgar Mathews, Timothy Webber, Patrick Keating, Monk Serrell Freed, Lloyd Cunnington.<\/span><\/p>\n<p><iframe title=\"La luz del fin del mundo - Trailer\" width=\"615\" height=\"346\" src=\"https:\/\/www.youtube.com\/embed\/-3BiBgE_lLg?feature=oembed\" frameborder=\"0\" allow=\"accelerometer; autoplay; clipboard-write; encrypted-media; gyroscope; picture-in-picture; web-share\" referrerpolicy=\"strict-origin-when-cross-origin\" allowfullscreen><\/iframe><\/p>\n","protected":false},"excerpt":{"rendered":"<p>\u00abLa luz del fin del mundo\u00bb es un drama de supervivencia dirigido, escrito y protagonizado por Casey Affleck, el actor ganador del Oscar por \u2018Manchester junto al mar\u2019.\u00a0 Lima, 18 Diciembre 2019, (ANDINA).- \u00abLa luz del fin del mundo\u00bb es un drama de supervivencia dirigido, escrito y protagonizado por Casey Affleck, el actor ganador del [&hellip;]<\/p>\n","protected":false},"author":1,"featured_media":62001,"comment_status":"open","ping_status":"open","sticky":false,"template":"","format":"standard","meta":{"rop_custom_images_group":[],"rop_custom_messages_group":[],"rop_publish_now":"initial","rop_publish_now_accounts":[],"rop_publish_now_history":[],"rop_publish_now_status":"pending","footnotes":""},"categories":[7],"tags":[5135,488,5136],"class_list":["post-62000","post","type-post","status-publish","format-standard","has-post-thumbnail","hentry","category-butaca","tag-casey-affleck","tag-cine","tag-la-luz-del-fin-del-mundo"],"_links":{"self":[{"href":"https:\/\/elinformanteperu.com\/index.php\/wp-json\/wp\/v2\/posts\/62000","targetHints":{"allow":["GET"]}}],"collection":[{"href":"https:\/\/elinformanteperu.com\/index.php\/wp-json\/wp\/v2\/posts"}],"about":[{"href":"https:\/\/elinformanteperu.com\/index.php\/wp-json\/wp\/v2\/types\/post"}],"author":[{"embeddable":true,"href":"https:\/\/elinformanteperu.com\/index.php\/wp-json\/wp\/v2\/users\/1"}],"replies":[{"embeddable":true,"href":"https:\/\/elinformanteperu.com\/index.php\/wp-json\/wp\/v2\/comments?post=62000"}],"version-history":[{"count":1,"href":"https:\/\/elinformanteperu.com\/index.php\/wp-json\/wp\/v2\/posts\/62000\/revisions"}],"predecessor-version":[{"id":62002,"href":"https:\/\/elinformanteperu.com\/index.php\/wp-json\/wp\/v2\/posts\/62000\/revisions\/62002"}],"wp:featuredmedia":[{"embeddable":true,"href":"https:\/\/elinformanteperu.com\/index.php\/wp-json\/wp\/v2\/media\/62001"}],"wp:attachment":[{"href":"https:\/\/elinformanteperu.com\/index.php\/wp-json\/wp\/v2\/media?parent=62000"}],"wp:term":[{"taxonomy":"category","embeddable":true,"href":"https:\/\/elinformanteperu.com\/index.php\/wp-json\/wp\/v2\/categories?post=62000"},{"taxonomy":"post_tag","embeddable":true,"href":"https:\/\/elinformanteperu.com\/index.php\/wp-json\/wp\/v2\/tags?post=62000"}],"curies":[{"name":"wp","href":"https:\/\/api.w.org\/{rel}","templated":true}]}}