{"id":61994,"date":"2019-12-18T01:39:19","date_gmt":"2019-12-18T06:39:19","guid":{"rendered":"http:\/\/elinformanteperu.com\/?p=61994"},"modified":"2019-12-18T01:39:19","modified_gmt":"2019-12-18T06:39:19","slug":"alonso-segura-economia-peruana-puede-crecer-3-5-el-proximo-ano","status":"publish","type":"post","link":"https:\/\/elinformanteperu.com\/index.php\/2019\/12\/18\/alonso-segura-economia-peruana-puede-crecer-3-5-el-proximo-ano\/","title":{"rendered":"Alonso Segura: econom\u00eda peruana puede crecer 3.5% el pr\u00f3ximo a\u00f1o"},"content":{"rendered":"<p><strong><span style=\"color: #000000;\">El crecimiento del Producto Bruto Interno (PBI) nacional podr\u00eda alcanzar un nivel de 3.5% el pr\u00f3ximo a\u00f1o, proyect\u00f3 el exministro de Econom\u00eda y Finanzas, Alonso Segura.<\/span><\/strong><\/p>\n<p><span style=\"color: #000000;\"><strong>Lima, 17 Diciembre 2019, (ANDINA).-<\/strong> El crecimiento del Producto Bruto Interno (PBI) nacional podr\u00eda alcanzar un nivel de 3.5% el pr\u00f3ximo a\u00f1o, proyect\u00f3 el exministro de Econom\u00eda y Finanzas, Alonso Segura.<\/span><\/p>\n<p><span style=\"color: #000000;\">\u201cSi el mundo se sostiene y el sector p\u00fablico camina, en el 2020 el crecimiento del pa\u00eds podr\u00eda ser un poco mejor que el previsto para este a\u00f1o (seg\u00fan Segura alrededor de 2.3%) y llegar a un poco m\u00e1s de 3% o 3.5% en el 2020\u201d, estim\u00f3.<\/span><\/p>\n<p><span style=\"color: #000000;\">Durante el \u201cEncuentro Automotor AAP 2019\u201d, organizado por la Asociaci\u00f3n Automotriz del Per\u00fa (AAP), Alonso Segura sostuvo que el crecimiento del pa\u00eds se explica m\u00e1s por factores externos que internos, por lo que debe ser consciente de sus potencialidades, su diversificaci\u00f3n y el incremento de su productividad para romper esa condici\u00f3n de dependencia.<\/span><\/p>\n<p><span style=\"color: #000000;\">Destac\u00f3 que la agenda pendiente para impulsar al pa\u00eds requiere de un fortalecimiento institucional e impulsar la reforma pol\u00edtica y del sistema de justicia.<\/span><\/p>\n<p><span style=\"color: #000000;\">El economista indic\u00f3 que a eso suma la necesidad de realizar una reforma de la descentralizaci\u00f3n, la competitividad, la innovaci\u00f3n y la digitalizaci\u00f3n, as\u00ed como trazar una agenda de diversificaci\u00f3n productiva, entre otros factores.<\/span><\/p>\n<p><strong><span style=\"color: #000000;\">Sector vehicular<\/span><\/strong><\/p>\n<p><span style=\"color: #000000;\">En relaci\u00f3n al sector vehicular, Alonso Segura se\u00f1al\u00f3 que las cifras proyectadas para este a\u00f1o ser\u00e1n de contracci\u00f3n, debido a la tensi\u00f3n del comercio en pa\u00edses importantes para la industria como China y Alemania.<\/span><\/p>\n<p><span style=\"color: #000000;\">\u201cEl Per\u00fa tiene uno de los \u00edndices de penetraci\u00f3n vehicular m\u00e1s bajos de la regi\u00f3n y tiene una brecha muy grande por llenar\u201d, destac\u00f3 el economista, tras recordar que Latinoam\u00e9rica ha venido creciendo en promedio alrededor de 0.5% en los \u00faltimos seis a\u00f1os, y los siguientes a\u00f1os no \u201cpintan particularmente bien\u201d.<\/span><\/p>\n<p><span style=\"color: #000000;\">\u201cTomando en cuenta que Latinoam\u00e9rica sigue siendo la regi\u00f3n de mayor desigualdad, tenemos que lograr ser m\u00e1s productivos para que el crecimiento sea m\u00e1s alto\u201d, a\u00f1adi\u00f3.<\/span><\/p>\n<p><span style=\"color: #000000;\">Por su parte, el presidente de la AAP, Armando Negri, destac\u00f3 la importancia de alcanzar un transporte sostenible para aumentar la productividad del pa\u00eds e impulsar el crecimiento de las principales actividades econ\u00f3micas como miner\u00eda, pesca, agroindustria y servicios.<\/span><\/p>\n<p><span style=\"color: #000000;\">Resalt\u00f3 que para retomar el crecimiento econ\u00f3mico de a\u00f1os anteriores, el sector p\u00fablico y el sector privado deben trabajar juntos para \u00abmover\u00bb al Per\u00fa.<\/span><\/p>\n","protected":false},"excerpt":{"rendered":"<p>El crecimiento del Producto Bruto Interno (PBI) nacional podr\u00eda alcanzar un nivel de 3.5% el pr\u00f3ximo a\u00f1o, proyect\u00f3 el exministro de Econom\u00eda y Finanzas, Alonso Segura. Lima, 17 Diciembre 2019, (ANDINA).- El crecimiento del Producto Bruto Interno (PBI) nacional podr\u00eda alcanzar un nivel de 3.5% el pr\u00f3ximo a\u00f1o, proyect\u00f3 el exministro de Econom\u00eda y Finanzas, [&hellip;]<\/p>\n","protected":false},"author":1,"featured_media":61995,"comment_status":"open","ping_status":"open","sticky":false,"template":"","format":"standard","meta":{"rop_custom_images_group":[],"rop_custom_messages_group":[],"rop_publish_now":"initial","rop_publish_now_accounts":[],"rop_publish_now_history":[],"rop_publish_now_status":"pending","footnotes":""},"categories":[5],"tags":[3049],"class_list":["post-61994","post","type-post","status-publish","format-standard","has-post-thumbnail","hentry","category-actualidad-informativa","tag-alonso-segura"],"_links":{"self":[{"href":"https:\/\/elinformanteperu.com\/index.php\/wp-json\/wp\/v2\/posts\/61994","targetHints":{"allow":["GET"]}}],"collection":[{"href":"https:\/\/elinformanteperu.com\/index.php\/wp-json\/wp\/v2\/posts"}],"about":[{"href":"https:\/\/elinformanteperu.com\/index.php\/wp-json\/wp\/v2\/types\/post"}],"author":[{"embeddable":true,"href":"https:\/\/elinformanteperu.com\/index.php\/wp-json\/wp\/v2\/users\/1"}],"replies":[{"embeddable":true,"href":"https:\/\/elinformanteperu.com\/index.php\/wp-json\/wp\/v2\/comments?post=61994"}],"version-history":[{"count":1,"href":"https:\/\/elinformanteperu.com\/index.php\/wp-json\/wp\/v2\/posts\/61994\/revisions"}],"predecessor-version":[{"id":61996,"href":"https:\/\/elinformanteperu.com\/index.php\/wp-json\/wp\/v2\/posts\/61994\/revisions\/61996"}],"wp:featuredmedia":[{"embeddable":true,"href":"https:\/\/elinformanteperu.com\/index.php\/wp-json\/wp\/v2\/media\/61995"}],"wp:attachment":[{"href":"https:\/\/elinformanteperu.com\/index.php\/wp-json\/wp\/v2\/media?parent=61994"}],"wp:term":[{"taxonomy":"category","embeddable":true,"href":"https:\/\/elinformanteperu.com\/index.php\/wp-json\/wp\/v2\/categories?post=61994"},{"taxonomy":"post_tag","embeddable":true,"href":"https:\/\/elinformanteperu.com\/index.php\/wp-json\/wp\/v2\/tags?post=61994"}],"curies":[{"name":"wp","href":"https:\/\/api.w.org\/{rel}","templated":true}]}}